{"id":834,"date":"2015-10-24T19:05:43","date_gmt":"2015-10-24T17:05:43","guid":{"rendered":"http:\/\/www.cem.info.pl\/?p=834"},"modified":"2015-10-24T19:09:26","modified_gmt":"2015-10-24T17:09:26","slug":"konkurs-eduinspiracje","status":"publish","type":"post","link":"https:\/\/cem.info.pl\/?p=834","title":{"rendered":"Konkurs EDUinspiracje"},"content":{"rendered":"<h3 style=\"text-align: center;\">Konkurs EDUinspiracje &#8211; nominacja<\/h3>\n<p style=\"text-align: justify;\"><strong>Halina Komar<\/strong> zosta\u0142a \u00a0nominowana do nagrody EDUinspirator 2015, przyznawanej w konkursie organizowanym przez Fundacj\u0119 Rozwoju Systemu Edukacji, Narodow\u0105 Agencj\u0119 Programu Erasmus+.<\/p>\n<p style=\"text-align: justify;\">Ostatecznego wyboru laureat\u00f3w w ka\u017cdej kategorii konkursowej dokona Kapitu\u0142a konkursu. Laureaci tegorocznej edycji konkursu EDUinspirator zostan\u0105 og\u0142oszeni podczas gali, na kt\u00f3r\u0105 zapraszamy wszystkich nominowanych w konkursie. Gala odb\u0119dzie si\u0119 w Warszawie, 24 listopada 2015 roku.<\/p>\n<p style=\"text-align: justify;\"><strong>Oto nominacja:<\/strong><\/p>\n<p style=\"text-align: justify;\"><a href=\"http:\/\/www.cem.info.pl\/wp-content\/uploads\/2015\/10\/nominacja_h.komar_.pdf\">nominacja_H.Komar<\/a>\u00a0pdf<\/p>\n","protected":false},"excerpt":{"rendered":"<p>Konkurs EDUinspiracje &#8211; nominacja Halina Komar zosta\u0142a \u00a0nominowana do nagrody EDUinspirator 2015, przyznawanej w konkursie organizowanym przez Fundacj\u0119 Rozwoju Systemu Edukacji, Narodow\u0105 Agencj\u0119 Programu Erasmus+. Ostatecznego wyboru laureat\u00f3w w ka\u017cdej kategorii konkursowej dokona Kapitu\u0142a konkursu. Laureaci tegorocznej edycji konkursu EDUinspirator zostan\u0105 og\u0142oszeni podczas gali, na kt\u00f3r\u0105 zapraszamy wszystkich nominowanych w konkursie. Gala odb\u0119dzie si\u0119 w [&hellip;]<\/p>\n","protected":false},"author":3,"featured_media":0,"comment_status":"open","ping_status":"open","sticky":false,"template":"","format":"standard","meta":{"ngg_post_thumbnail":0,"footnotes":""},"categories":[1],"tags":[],"class_list":["post-834","post","type-post","status-publish","format-standard","hentry","category-bez-kategorii"],"_links":{"self":[{"href":"https:\/\/cem.info.pl\/index.php?rest_route=\/wp\/v2\/posts\/834","targetHints":{"allow":["GET"]}}],"collection":[{"href":"https:\/\/cem.info.pl\/index.php?rest_route=\/wp\/v2\/posts"}],"about":[{"href":"https:\/\/cem.info.pl\/index.php?rest_route=\/wp\/v2\/types\/post"}],"author":[{"embeddable":true,"href":"https:\/\/cem.info.pl\/index.php?rest_route=\/wp\/v2\/users\/3"}],"replies":[{"embeddable":true,"href":"https:\/\/cem.info.pl\/index.php?rest_route=%2Fwp%2Fv2%2Fcomments&post=834"}],"version-history":[{"count":3,"href":"https:\/\/cem.info.pl\/index.php?rest_route=\/wp\/v2\/posts\/834\/revisions"}],"predecessor-version":[{"id":838,"href":"https:\/\/cem.info.pl\/index.php?rest_route=\/wp\/v2\/posts\/834\/revisions\/838"}],"wp:attachment":[{"href":"https:\/\/cem.info.pl\/index.php?rest_route=%2Fwp%2Fv2%2Fmedia&parent=834"}],"wp:term":[{"taxonomy":"category","embeddable":true,"href":"https:\/\/cem.info.pl\/index.php?rest_route=%2Fwp%2Fv2%2Fcategories&post=834"},{"taxonomy":"post_tag","embeddable":true,"href":"https:\/\/cem.info.pl\/index.php?rest_route=%2Fwp%2Fv2%2Ftags&post=834"}],"curies":[{"name":"wp","href":"https:\/\/api.w.org\/{rel}","templated":true}]}}