{"id":827,"date":"2015-10-24T18:46:40","date_gmt":"2015-10-24T16:46:40","guid":{"rendered":"http:\/\/www.cem.info.pl\/?p=827"},"modified":"2015-10-24T21:58:52","modified_gmt":"2015-10-24T19:58:52","slug":"esperanto-lingvo-sen-limoj","status":"publish","type":"post","link":"https:\/\/cem.info.pl\/?p=827","title":{"rendered":"J\u0119zyk bez granic"},"content":{"rendered":"<p><\/p>\n<h3 style=\"text-align: center;\" align=\"center\"><span style=\"font-family: Georgia; color: #333333;\">Esperanto \u2013 j\u0119zyk bez granic &#8211; wystawa<\/span><\/h3>\n<p><a href=\"http:\/\/www.cem.info.pl\/wp-content\/uploads\/2015\/10\/esperanto_plakat_50x70.jpg\" rel=\"lightbox[827]\"><img loading=\"lazy\" decoding=\"async\" class=\"alignleft size-thumbnail wp-image-436\" src=\"http:\/\/www.cem.info.pl\/wp-content\/uploads\/2015\/10\/esperanto_plakat_50x70-150x150.jpg\" alt=\"Esperanto_plakat_50x70\" width=\"150\" height=\"150\" \/><\/a><\/p>\n<p><strong>Termin<\/strong>:\u00a020.10.2015 &#8211; 10.11.2015<\/p>\n<p><strong>Miejsce<\/strong>:\u00a0Biblioteka Jagiello\u0144ska, hol g\u0142\u00f3wny (wej\u015bcie od ul. Oleandry 3)<\/p>\n<p><strong>Organizator<\/strong>:\u00a0Biblioteka Jagiello\u0144ska<\/p>\n<p><strong>Wernisa\u017c<\/strong>: 20 pa\u017adziernika 2015, godz. 17.00<\/p>\n<p><strong>Program wernisa\u017cu<\/strong><\/p>\n<p>Hol Biblioteki Jagiello\u0144skiej (17.00-17.45):<\/p>\n<ul>\n<li>Powitanie go\u015bci \u2013 Dyrektor Biblioteki Jagiello\u0144skiej, prof. dr hab. Zdzis\u0142aw Pietrzyk oraz prof. dr hab. Leszek Kordylewski<\/li>\n<li>Wsp\u00f3lny toast za Ludwika Zamenhofa, tw\u00f3rc\u0119 j\u0119zyka esperanto<\/li>\n<li>Zwiedzanie wystawy<\/li>\n<\/ul>\n<p>Sala konferencyjna:<\/p>\n<ul>\n<li>Lidia Lig\u0119za, t\u0142umacz na j\u0119z. esperanto, wyg\u0142osi prelekcj\u0119 pt. \u201eProf. Odo Bujwid \u2013 wybitny naukowiec i esperantysta&#8221; (17.45-18.00)<\/li>\n<li>Maria Majerczak, wyk\u0142adowca UJ, poprowadzi lekcj\u0119 wprowadzaj\u0105c\u0105 w j\u0119zyk esperanto &#8211;\u00a0wst\u0119p wolny (18.10-19.00)<\/li>\n<\/ul>\n<p style=\"line-height: 18pt; text-align: left;\" align=\"center\"><span style=\"font-family: Georgia; color: #333333;\">\u00a0<a href=\"http:\/\/www.cem.info.pl\/wp-content\/uploads\/2015\/10\/zaproszenie-invitilo.pdf\">Zaproszenie<\/a>\u00a0pdf<\/span><\/p>\n<p style=\"line-height: 18pt; text-align: left;\" align=\"center\"><span style=\"font-family: Georgia; color: #333333;\"><a href=\"http:\/\/www.cem.info.pl\/wp-content\/uploads\/2015\/10\/plakat.pdf\">Plakat<\/a>\u00a0pdf<\/span><\/p>\n<p style=\"text-align: center; line-height: 18.0pt;\" align=\"center\"><strong><span style=\"font-family: Georgia; color: #333333;\">Zdj\u0119cia z wystawy<\/span><\/strong><\/p>\n<p style=\"text-align: center; line-height: 18.0pt;\" align=\"center\"><span style=\"font-family: Georgia; color: #333333;\"><a href=\"http:\/\/www.cem.info.pl\/?page_id=853\">wi\u0119cej zdj\u0119\u0107&#8230;.<\/a><\/span><\/p>\n<p style=\"text-align: center; line-height: 18.0pt;\" align=\"center\"><a href=\"http:\/\/www.cem.info.pl\/wp-content\/uploads\/2015\/10\/obrazek-11ebab-4.jpeg\" rel=\"lightbox[827]\"><img loading=\"lazy\" decoding=\"async\" class=\"alignleft size-thumbnail wp-image-592\" src=\"http:\/\/www.cem.info.pl\/wp-content\/uploads\/2015\/10\/obrazek-11ebab-4-150x150.jpeg\" alt=\"obrazek-11ebab-4\" width=\"150\" height=\"150\" \/><\/a><a href=\"http:\/\/www.cem.info.pl\/wp-content\/uploads\/2015\/10\/obrazek-11ebab-2.jpeg\" rel=\"lightbox[827]\"><img loading=\"lazy\" decoding=\"async\" class=\"alignleft size-thumbnail wp-image-590\" src=\"http:\/\/www.cem.info.pl\/wp-content\/uploads\/2015\/10\/obrazek-11ebab-2-150x150.jpeg\" alt=\"obrazek-11ebab-2\" width=\"150\" height=\"150\" \/><\/a><a href=\"http:\/\/www.cem.info.pl\/wp-content\/uploads\/2015\/10\/img_6174_male.jpg\" rel=\"lightbox[827]\"><img loading=\"lazy\" decoding=\"async\" class=\"alignleft size-thumbnail wp-image-689\" src=\"http:\/\/www.cem.info.pl\/wp-content\/uploads\/2015\/10\/img_6174_male-150x150.jpg\" alt=\"IMG_6174_male\" width=\"150\" height=\"150\" \/><\/a><a href=\"http:\/\/www.cem.info.pl\/wp-content\/uploads\/2015\/10\/img_6177_male.jpg\" rel=\"lightbox[827]\"><img loading=\"lazy\" decoding=\"async\" class=\"alignleft size-thumbnail wp-image-688\" src=\"http:\/\/www.cem.info.pl\/wp-content\/uploads\/2015\/10\/img_6177_male-150x150.jpg\" alt=\"IMG_6177_male\" width=\"150\" height=\"150\" \/><\/a><\/p>\n<p><\/p>","protected":false},"excerpt":{"rendered":"<p>Esperanto \u2013 j\u0119zyk bez granic &#8211; wystawa Termin:\u00a020.10.2015 &#8211; 10.11.2015 Miejsce:\u00a0Biblioteka Jagiello\u0144ska, hol g\u0142\u00f3wny (wej\u015bcie od ul. Oleandry 3) Organizator:\u00a0Biblioteka Jagiello\u0144ska Wernisa\u017c: 20 pa\u017adziernika 2015, godz. 17.00 Program wernisa\u017cu Hol Biblioteki Jagiello\u0144skiej (17.00-17.45): Powitanie go\u015bci \u2013 Dyrektor Biblioteki Jagiello\u0144skiej, prof. dr hab. Zdzis\u0142aw Pietrzyk oraz prof. dr hab. Leszek Kordylewski Wsp\u00f3lny toast za Ludwika Zamenhofa, [&hellip;]<\/p>\n","protected":false},"author":3,"featured_media":0,"comment_status":"open","ping_status":"open","sticky":false,"template":"","format":"standard","meta":{"ngg_post_thumbnail":0,"footnotes":""},"categories":[1],"tags":[],"class_list":["post-827","post","type-post","status-publish","format-standard","hentry","category-bez-kategorii"],"_links":{"self":[{"href":"https:\/\/cem.info.pl\/index.php?rest_route=\/wp\/v2\/posts\/827","targetHints":{"allow":["GET"]}}],"collection":[{"href":"https:\/\/cem.info.pl\/index.php?rest_route=\/wp\/v2\/posts"}],"about":[{"href":"https:\/\/cem.info.pl\/index.php?rest_route=\/wp\/v2\/types\/post"}],"author":[{"embeddable":true,"href":"https:\/\/cem.info.pl\/index.php?rest_route=\/wp\/v2\/users\/3"}],"replies":[{"embeddable":true,"href":"https:\/\/cem.info.pl\/index.php?rest_route=%2Fwp%2Fv2%2Fcomments&post=827"}],"version-history":[{"count":7,"href":"https:\/\/cem.info.pl\/index.php?rest_route=\/wp\/v2\/posts\/827\/revisions"}],"predecessor-version":[{"id":891,"href":"https:\/\/cem.info.pl\/index.php?rest_route=\/wp\/v2\/posts\/827\/revisions\/891"}],"wp:attachment":[{"href":"https:\/\/cem.info.pl\/index.php?rest_route=%2Fwp%2Fv2%2Fmedia&parent=827"}],"wp:term":[{"taxonomy":"category","embeddable":true,"href":"https:\/\/cem.info.pl\/index.php?rest_route=%2Fwp%2Fv2%2Fcategories&post=827"},{"taxonomy":"post_tag","embeddable":true,"href":"https:\/\/cem.info.pl\/index.php?rest_route=%2Fwp%2Fv2%2Ftags&post=827"}],"curies":[{"name":"wp","href":"https:\/\/api.w.org\/{rel}","templated":true}]}}