{"id":780,"date":"2015-10-24T15:28:20","date_gmt":"2015-10-24T13:28:20","guid":{"rendered":"http:\/\/www.cem.info.pl\/?p=780"},"modified":"2015-12-12T15:35:25","modified_gmt":"2015-12-12T14:35:25","slug":"780","status":"publish","type":"post","link":"https:\/\/cem.info.pl\/?p=780","title":{"rendered":"Po listopadowych osi\u0105gni\u0119ciach"},"content":{"rendered":"<p><\/p>\n<h3 style=\"margin-bottom: 0.0001pt; text-align: center;\"><span style=\"color: #333333;\">Entuzjazm w Polsce po listopadowych osi\u0105gni\u0119ciach<\/span><\/h3>\n<p style=\"text-align: justify;\">Zamierzaj\u0105c kontynuowa\u0107 drog\u0119, rozpocz\u0119t\u0105 od wpisania j\u0119zyka Esperanto, jako nosiciela Esperanckiej kultury na List\u0119 Niematerialnego Dziedzictwa Kulturowego Polski, w dniu 3 marca 2015 odby\u0142o si\u0119 w polskim Senacie spotkanie reprezentant\u00f3w krajowego ruchu Esperanckiego. Posiedzenie zorganizowa\u0142 senator prof. dr hab. Edmund Wittbordt, kt\u00f3ry jest prezydentem Parlamentarnego Zespo\u0142u Wspierania J\u0119zyka Esperanto, uczestniczy\u0142 w nim tak\u017ce nowy pose\u0142 pan Aleksander Sosna (znana jest w ruchu Esperanckim jego wa\u017cna rola w organizacji 94 \u015awiatowego Kongresu Esperanto w Bia\u0142ymstoku) oraz 19 osobowa grupa aktywist\u00f3w ruchu Esperanckiego z organizacji dzia\u0142aj\u0105cych w Polsce w r\u00f3\u017cnych regionach kraju.<\/p>\n<p style=\"text-align: justify;\">W czasie inauguracyjnej przemowy pan senator wykaza\u0142 swoj\u0105 g\u0142\u0119bok\u0105 znajomo\u015b\u0107 tematu i swoje zaanga\u017cowanie aby rozwi\u0105za\u0107 sytuacj\u0119 w polskim ruchu Esperanckim. Wprowadzeniem w p\u00f3\u017aniejsz\u0105 \u017cyw\u0105 dyskusj\u0119 by\u0142 artyku\u0142 przygotowany przez p. Kazimierza Krzy\u017caka oraz plan reaktywacji ruchu w zakresie nauczania j\u0119zyka E w Polsce, proponowany przez p. Halin\u0119 Komar.<\/p>\n<p style=\"text-align: justify;\">Podczas dyskusji ogrom temat\u00f3w by\u0142 wyja\u015bniany, precyzowany i korygowany. Planowane 2-godzinne posiedzenie trwa\u0142o 3,5 godziny. A oto najpilniejsze tematy jakie wybrali\u015bmy z ca\u0142ej dyskusji::<\/p>\n<ol style=\"text-align: justify;\">\n<li>Znale\u017a\u0107 spos\u00f3b aby wykreowa\u0107 og\u00f3lnopolskie forum, lub koalicj\u0119, kt\u00f3ra pozwoli\u0142aby na po\u0142\u0105czenie zdolno\u015bci i si\u0142, rozdrobnionych Esperanckich organizacji.<\/li>\n<li>Zbada\u0107 wymagania, tak\u017ce \u015bcie\u017cki do decydent\u00f3w (te\u017c polityczne interwencje) celem uznania Esperanta w pa\u0144stwowym systemie edukacji, jako j\u0119zyka oficjalnie u\u017cywanego i zatwierdzi\u0107 go jako jednego z j\u0119zyk\u00f3w egzaminacyjnych.<\/li>\n<li>Reaktywowa\u0107 polsk\u0105 kadr\u0119 nauczycielsk\u0105 (chodzi o szybkie kszta\u0142cenie), poniewa\u017c ruch E pozostaje bez przyp\u0142ywu nowych kadr ju\u017c od 30 lat. Jest to sytuacja katastrofalna dla ruchu.<\/li>\n<li>Rozezna\u0107 mo\u017cliwo\u015bci uzyskania funduszy z publicznych \u017ar\u00f3de\u0142 , tak\u017ce opracowa\u0107 potrzebne projekty na powy\u017csze cele<\/li>\n<li>Bra\u0107 przyk\u0142ad z kolegi Kazimierza Krzy\u017caka, kt\u00f3ry wytrwale, latami, budowa\u0142 kontakty z politykami, tak\u017ce dba\u0142, aby wszystkie organizacje znalaz\u0142y si\u0119 w\u015br\u00f3d sympatyk\u00f3w Esperanta w miejscu jego dzia\u0142ania , rozpocz\u0105\u0142 kontakty lokalne, w regionach, w krajach, przede wszystkim s\u0105siedzkich . Jest bowiem udowodnione, \u017ce dzi\u0119ki politycznemu poparciu esperanty\u015bci osi\u0105gn\u0119li wi\u0119cej ni\u017c oczekiwali.<\/li>\n<li>Powodowa\u0107 , aby polskie przyk\u0142ady mia\u0142y wp\u0142yw na inne kraje w sferze organizacji podobnych struktur dla wspierania Esperanta w parlamentach i te dzia\u0142ania ju\u017c planujemy rozpocz\u0105\u0107 w tym roku \u2013 1. &#8211; przez po\u0142\u0105czenie wysi\u0142k\u00f3w w Krajach Wyszechradzkich, 2.- podczas jubileuszowego Forum Ekonomicznego w Krynicy w 2015 toku.<\/li>\n<li>Wys\u0142a\u0107 zapytanie do UEA czy zgodz\u0105 si\u0119 zaprosi\u0107 kilkuosobow\u0105 grup\u0119 euro deputowanych pos\u0142\u00f3w na Jubileuszowy \u015awiatowy Kongres Esperanto do Lille. Nie ulega w\u0105tpliwo\u015bci, \u017ce na takim kongresie powinni by\u0107 obserwatorzy, kt\u00f3rzy zobacz\u0105 \u017ce ludzie z ca\u0142ego \u015bwiata swobodnie komunikuj\u0105 si\u0119 dzi\u0119ki jednemu j\u0119zykowi. To by\u0142aby dwustronna korzy\u015b\u0107: politycy poznaliby idealne rozwi\u0105zanie mi\u0119dzyludzkich kontakt\u00f3w, a uczestnicy Kongresu zobaczyliby, \u017ce jest mo\u017cliwo\u015b\u0107 wsp\u00f3\u0142pracy z politykami, co mog\u0142oby pom\u00f3c w rozszerzaniu si\u0119 Esperanto w \u015bwiecie.<\/li>\n<li>Opracowa\u0107 szerok\u0105 strategi\u0119 promocji j\u0119zyka Esperanto, obecnie prawie zapomnian\u0105.<\/li>\n<\/ol>\n<p style=\"text-align: justify;\">Podczas posiedzenia zosta\u0142a utworzona grupa robocza, kt\u00f3rej celem b\u0119dzie opracowanie konkretnych plan\u00f3w odno\u015bnie wsp\u00f3\u0142pracy i rozpocz\u0119cie realizacji najpilniejszych zada\u0144.<\/p>\n<p style=\"text-align: justify;\">Wy\u0142oniony zesp\u00f3\u0142 sk\u0142ada si\u0119 :<\/p>\n<ol>\n<li>Halina Komar \u2013 Centrum Edukacji Mi\u0119dzykulturowej w Nowym S\u0105czu \u2013 Prezes Zespo\u0142u<\/li>\n<li>Kazimierz Krzy\u017cak \u2013 Europa \u2013 Demokracja \u2013 Esperanto \/ Gdynia<\/li>\n<li>Konrad Andrzejuk \u2013 Fundacja Zamenhofa \/ Bia\u0142ystok<\/li>\n<li>Piotr Ho\u0142da \u2013 Esperancki Zwi\u0105zek M\u0142odzie\u017cowy \/ Krak\u00f3w<\/li>\n<li>Ma\u0142gorzata Komarnicka &#8211; Regionalne Biuro CEM \/ Wroc\u0142aw<\/li>\n<li>Stanis\u0142aw Mandrak &#8211; Polski Zwi\u0105zek Esperantyst\u00f3w \/ Gliwice<\/li>\n<li>Barbara Pietrzak &#8211; \u015awiatowy Zwi\u0105zek Esperanta \/ Warszawa<\/li>\n<li>Irena Tomaszewska &#8211; filia PZE\/Szczecin<\/li>\n<\/ol>\n<p style=\"text-align: justify;\">Entuzjazm do pracy jest olbrzymi, poniewa\u017c ju\u017c, po kilku dniach nadesz\u0142y uzgodnienia i deklaracje odnosz\u0105ce si\u0119 do powy\u017cszych temat\u00f3w. \u2013 Konrad Andrzejuk zadeklarowa\u0142, ze w czasie 2 tygodni spr\u00f3buje opracowa\u0107 materia\u0142y dla temat\u00f3w opisanych w punkcie 2 i 8. 7-mym tematem zajmie si\u0119 p. Kazimierz Krzy\u017cak. 6-sty temat ju\u017c jest w pewnym stopniu zaaran\u017cowany ze strony pana senatora a dalsze kontakty b\u0119d\u0105 realizowane podczas Forum Ekonomicznego w Krynicy \u2013 je\u017celi m\u00f3wimy o Krajach Wyszechradzkich &#8211; ale by\u0142oby bardzo dobrze, gdyby tak\u017ce w innych krajach zrobiono dalsze kroki naszymi \u015bladami w dziedzinie relacji z politykami. Pani Halina Komar zajmie si\u0119 tematami 3 i 4.<\/p>\n<p style=\"text-align: justify;\">Uzyskali\u015bmy mocn\u0105 deklaracj\u0119 wspierania nas , od pani Ilony Koutny, kt\u00f3ra zadeklarowa\u0142a j\u0105 w imieniu Uniwersytetu Adama Mickiewicza w Poznaniu i swojego lingwistycznego Wydzia\u0142u, w kwestii wykonania podj\u0119tych plan\u00f3w a tak\u017ce reaktywacji kadry nauczycielskiej w Polsce oraz fachow\u0105 pomoc dla ca\u0142o\u015bci przedsi\u0119wzi\u0119\u0107.<\/p>\n<p style=\"text-align: right;\"><em>Halina Komar kaj Kazimierz Krzy\u017cak\u00a0<\/em><\/p>\n<p style=\"text-align: left;\"><strong>Senat &#8211;\u00a0spotkanie esperantyst\u00f3w<\/strong><\/p>\n<p style=\"text-align: left;\"><a href=\"http:\/\/www.cem.info.pl\/wp-content\/uploads\/2015\/10\/cem-senat-marzec-2015.jpg\" rel=\"lightbox[780]\"><img loading=\"lazy\" decoding=\"async\" class=\"alignleft size-thumbnail wp-image-787\" src=\"http:\/\/www.cem.info.pl\/wp-content\/uploads\/2015\/10\/cem-senat-marzec-2015-150x150.jpg\" alt=\"CEM - SENAT marzec 2015\" width=\"150\" height=\"150\" \/><\/a> <a href=\"http:\/\/www.cem.info.pl\/wp-content\/uploads\/2015\/10\/senat-kunsido-esperantistoj.jpg\" rel=\"lightbox[780]\"><img loading=\"lazy\" decoding=\"async\" class=\"alignleft size-thumbnail wp-image-786\" src=\"http:\/\/www.cem.info.pl\/wp-content\/uploads\/2015\/10\/senat-kunsido-esperantistoj-150x150.jpg\" alt=\"\" width=\"150\" height=\"150\" \/><\/a> <a href=\"http:\/\/www.cem.info.pl\/wp-content\/uploads\/2015\/10\/senat-kunsido.jpg\" rel=\"lightbox[780]\"><img loading=\"lazy\" decoding=\"async\" class=\"alignleft size-thumbnail wp-image-785\" src=\"http:\/\/www.cem.info.pl\/wp-content\/uploads\/2015\/10\/senat-kunsido-150x150.jpg\" alt=\"\" width=\"150\" height=\"150\" \/><\/a><\/p>\n<p><\/p>","protected":false},"excerpt":{"rendered":"<p>Entuzjazm w Polsce po listopadowych osi\u0105gni\u0119ciach Zamierzaj\u0105c kontynuowa\u0107 drog\u0119, rozpocz\u0119t\u0105 od wpisania j\u0119zyka Esperanto, jako nosiciela Esperanckiej kultury na List\u0119 Niematerialnego Dziedzictwa Kulturowego Polski, w dniu 3 marca 2015 odby\u0142o si\u0119 w polskim Senacie spotkanie reprezentant\u00f3w krajowego ruchu Esperanckiego. Posiedzenie zorganizowa\u0142 senator prof. dr hab. Edmund Wittbordt, kt\u00f3ry jest prezydentem Parlamentarnego Zespo\u0142u Wspierania J\u0119zyka Esperanto, [&hellip;]<\/p>\n","protected":false},"author":3,"featured_media":0,"comment_status":"open","ping_status":"open","sticky":false,"template":"","format":"standard","meta":{"ngg_post_thumbnail":0,"footnotes":""},"categories":[1],"tags":[],"class_list":["post-780","post","type-post","status-publish","format-standard","hentry","category-bez-kategorii"],"_links":{"self":[{"href":"https:\/\/cem.info.pl\/index.php?rest_route=\/wp\/v2\/posts\/780","targetHints":{"allow":["GET"]}}],"collection":[{"href":"https:\/\/cem.info.pl\/index.php?rest_route=\/wp\/v2\/posts"}],"about":[{"href":"https:\/\/cem.info.pl\/index.php?rest_route=\/wp\/v2\/types\/post"}],"author":[{"embeddable":true,"href":"https:\/\/cem.info.pl\/index.php?rest_route=\/wp\/v2\/users\/3"}],"replies":[{"embeddable":true,"href":"https:\/\/cem.info.pl\/index.php?rest_route=%2Fwp%2Fv2%2Fcomments&post=780"}],"version-history":[{"count":4,"href":"https:\/\/cem.info.pl\/index.php?rest_route=\/wp\/v2\/posts\/780\/revisions"}],"predecessor-version":[{"id":1362,"href":"https:\/\/cem.info.pl\/index.php?rest_route=\/wp\/v2\/posts\/780\/revisions\/1362"}],"wp:attachment":[{"href":"https:\/\/cem.info.pl\/index.php?rest_route=%2Fwp%2Fv2%2Fmedia&parent=780"}],"wp:term":[{"taxonomy":"category","embeddable":true,"href":"https:\/\/cem.info.pl\/index.php?rest_route=%2Fwp%2Fv2%2Fcategories&post=780"},{"taxonomy":"post_tag","embeddable":true,"href":"https:\/\/cem.info.pl\/index.php?rest_route=%2Fwp%2Fv2%2Ftags&post=780"}],"curies":[{"name":"wp","href":"https:\/\/api.w.org\/{rel}","templated":true}]}}