{"id":759,"date":"2015-10-24T14:03:42","date_gmt":"2015-10-24T12:03:42","guid":{"rendered":"http:\/\/www.cem.info.pl\/?p=759"},"modified":"2015-10-26T20:17:25","modified_gmt":"2015-10-26T19:17:25","slug":"esperanto-europa-himno","status":"publish","type":"post","link":"https:\/\/cem.info.pl\/?p=759","title":{"rendered":"Hymn Europy"},"content":{"rendered":"<p><\/p>\n<h3 style=\"text-align: center;\">Granda merito de esperantistoj en Nowy S\u0105cz por diskonigi E\u016dropan Himnon \u00a0esperantlingve<\/h3>\n<p><a href=\"http:\/\/www.cem.info.pl\/wp-content\/uploads\/2015\/10\/7395.jpg\" rel=\"lightbox[759]\"><img loading=\"lazy\" decoding=\"async\" class=\"size-medium wp-image-839 aligncenter\" src=\"http:\/\/www.cem.info.pl\/wp-content\/uploads\/2015\/10\/7395-300x150.jpg\" alt=\"7395\" width=\"300\" height=\"150\" srcset=\"https:\/\/cem.info.pl\/wp-content\/uploads\/2015\/10\/7395-300x150.jpg 300w, https:\/\/cem.info.pl\/wp-content\/uploads\/2015\/10\/7395.jpg 453w\" sizes=\"auto, (max-width: 300px) 100vw, 300px\" \/><\/a><\/p>\n<p>Kalkulante la eventojn, kiam estis organizita kantado de E\u016dropa Himno en Esperanto pro nia iniciato a\u016d per niaj kantistoj, oni devas konstati, ke \u011duste\u00a0 esperantistoj en nia Son\u0109a Regiono, havas la plej grandan meriton en popularigo\u00a0 Esperantajn vortojn de Europa Himno:<\/p>\n<p style=\"text-align: justify;\"><strong>2011<\/strong> \u2013 okazis tie prapremiero de la Himno, kantata de kunligitaj korusoj, kun akompano de so\u0142data\u00a0Orkestro, sur la centra placo de la urbo Nowy S\u0105cz (okaze de Tago de E\u016dropo dum Tutpollanda\u00a0E- Kongreso,<\/p>\n<p style=\"text-align: justify;\"><strong>2012<\/strong> \u2013 nia kantensemblo \u201eJUNAJ\u00a0 VO\u0108OJ\u201d ludis kaj kantis\u00a0 Europan Himnon en Berlino, dum Komuna\u00a0E- Kongreso DE+DK+PL<\/p>\n<p style=\"text-align: justify;\"><strong>2013\u00a0<\/strong>&#8211; en Regiona Centro de Kulturo SOK\u00d3\u0141 en Nowy S\u0105cz, la lerneja ensemblo prezentas por-europan\u00a0Spektaklon, kiun malfermas E\u016dropa Himno kantata de lerneja koruso<\/p>\n<p style=\"text-align: justify;\"><strong>2013<\/strong> \u2013 dum Zamenhofaj Tagoj organizitaj de Regiona Buroo de nia Organiza\u0135o en\u00a0 Wroclaw, kantis la\u00a0Himnon Koruso de Senjoroj<\/p>\n<p style=\"text-align: justify;\"><strong>2013<\/strong> &#8211;\u00a0 vizitante Polan Ambasadejon en Kopenhago, nia folklora ensemblo \u201eS\u0104DECZANIE\u201d \u2013 kantis\u00a0la Himnon por funkciuloj de nia Ambasado kaj\u00a0 aliaj\u00a0 najbaraj Ambasadejoj, invititaj partopreni\u00a0la eventon<\/p>\n<p style=\"text-align: justify;\"><strong>2015<\/strong> \u2013 la 17-an de februaro, okaze de festa fermo de \u201eSenata Ekspozicio\u201d en Stary S\u0105cz, Kulturcentro\u00a0nome de Ada Sari, E\u016dropan\u00a0 Himnon kantis Integracia Koruso, organizita de GNIAZDO (nesto)\u00a0por infanoj neplenlertaj kune kun sanaj. Ili mem preparis verdajn stelojn, per kio ornamis siajn\u00a0\u0109emisojn, kantis sen kartetoj, kun granda entuzjasmo \u2013 vidu la alkro\u0109itan foton.<\/p>\n<p><strong>2015 \u2013 la 15a de majo<\/strong><\/p>\n<p>Nune estas planata kuna kantado de E\u016dropa Himno maje 2015, dum Malfermo de Europa Festivalo de Esperantaj kantoj, organizota\u00a0 en Wroclaw jam 3-an fojon de nia Regiona Buroo de CENTRO de INTERKULTURA\u00a0 EDUKADO.<\/p>\n<p style=\"text-align: right;\"><em>Halina Komar \u00a0<\/em><\/p>\n<p><strong>Hymn Europy w esperanto, 5.05.2011, Nowy S\u0105cz<\/strong><\/p>\n<p><iframe loading=\"lazy\" src=\"https:\/\/www.youtube.com\/embed\/POKdDMiqyIw\" width=\"420\" height=\"315\" frameborder=\"0\" allowfullscreen=\"allowfullscreen\"><\/iframe><\/p>\n<p style=\"text-align: left;\"><em>\u00a0 \u00a0 \u00a0 \u00a0<\/em><\/p>\n<h4>\u00a0HYMN EUROPY\u00a0 w\u00a0 neutralnym j\u0119zyku\u00a0 esperanto:<\/h4>\n<p>Muz. Bethoven, s\u0142owa: Umberto Broccatelli<\/p>\n<p>Przek\u0142ad: Jerzy Handzlik:<\/p>\n<p><em>Kantu kune amikaro, ni ja \u011dojon festas nur<\/em><\/p>\n<p><em>Nek rivero, nek montaro plu landlimoj estas nun.<\/em><\/p>\n<p><em>Ho E\u016dropo hejmo nia, tro da\u016dradis la divid\u2019<\/em><\/p>\n<p><em>Nun brilegu belo via, \u0109iu estas via id\u2019.<\/em><\/p>\n<p><em>Via flago kunfratigas homojn post-milita temp\u2019<\/em><\/p>\n<p><em>Via le\u011do nun kunigas civitanoj en konsent\u2019.<\/em><\/p>\n<p><em>Bracia, niechaj zabrzmi dzisiaj, ku rado\u015bci naszej pie\u015b\u0144<\/em><\/p>\n<p><em>Ju\u017c nie dziel\u0105 nas granice, w nowej pie\u015bni nowa tre\u015b\u0107.<\/em><\/p>\n<p><em>\u00a0Ty\u015b Europo wsp\u00f3lnym domem ,precz podzia\u0142y, wojny precz<\/em><\/p>\n<p><em>W tobie pi\u0119kno chcemy widzie\u0107, zjednoczone dzieci twe.<\/em><\/p>\n<p><em>Dzi\u015b jednoczy nas tw\u00f3j sztandar, dzi\u015b ka\u017cdemu ka\u017cdy brat<\/em><\/p>\n<p><em>Jeden kraj i jedno prawo &#8211; przyk\u0142ad m\u00f3g\u0142by bra\u0107 z nas \u015bwiat<\/em><\/p>\n<p><a href=\"http:\/\/www.cem.info.pl\/wp-content\/uploads\/2015\/10\/europa-himno.mp3\">europa himno<\/a><\/p>\n<p><div id=\"attachment_797\" style=\"width: 310px\" class=\"wp-caption alignleft\"><a href=\"http:\/\/www.cem.info.pl\/wp-content\/uploads\/2015\/10\/cem-hymn-europy-2015-stary-sacz.jpg\" rel=\"lightbox[759]\"><img loading=\"lazy\" decoding=\"async\" aria-describedby=\"caption-attachment-797\" class=\"wp-image-797 size-medium\" title=\"\u015apiewanie Hymnu Europy\" src=\"http:\/\/www.cem.info.pl\/wp-content\/uploads\/2015\/10\/cem-hymn-europy-2015-stary-sacz-300x225.jpg\" alt=\"CEM - Hymn Europy 2015 Stary S\u0105cz\" width=\"300\" height=\"225\" srcset=\"https:\/\/cem.info.pl\/wp-content\/uploads\/2015\/10\/cem-hymn-europy-2015-stary-sacz-300x225.jpg 300w, https:\/\/cem.info.pl\/wp-content\/uploads\/2015\/10\/cem-hymn-europy-2015-stary-sacz.jpg 800w\" sizes=\"auto, (max-width: 300px) 100vw, 300px\" \/><\/a><p id=\"caption-attachment-797\" class=\"wp-caption-text\">\u015apiewanie Hymnu Europy<\/p><\/div><\/p>","protected":false},"excerpt":{"rendered":"<p>Granda merito de esperantistoj en Nowy S\u0105cz por diskonigi E\u016dropan Himnon \u00a0esperantlingve Kalkulante la eventojn, kiam estis organizita kantado de E\u016dropa Himno en Esperanto pro nia iniciato a\u016d per niaj kantistoj, oni devas konstati, ke \u011duste\u00a0 esperantistoj en nia Son\u0109a Regiono, havas la plej grandan meriton en popularigo\u00a0 Esperantajn vortojn de Europa Himno: 2011 \u2013 [&hellip;]<\/p>\n","protected":false},"author":3,"featured_media":0,"comment_status":"open","ping_status":"open","sticky":false,"template":"","format":"standard","meta":{"ngg_post_thumbnail":0,"footnotes":""},"categories":[1],"tags":[],"class_list":["post-759","post","type-post","status-publish","format-standard","hentry","category-bez-kategorii"],"_links":{"self":[{"href":"https:\/\/cem.info.pl\/index.php?rest_route=\/wp\/v2\/posts\/759","targetHints":{"allow":["GET"]}}],"collection":[{"href":"https:\/\/cem.info.pl\/index.php?rest_route=\/wp\/v2\/posts"}],"about":[{"href":"https:\/\/cem.info.pl\/index.php?rest_route=\/wp\/v2\/types\/post"}],"author":[{"embeddable":true,"href":"https:\/\/cem.info.pl\/index.php?rest_route=\/wp\/v2\/users\/3"}],"replies":[{"embeddable":true,"href":"https:\/\/cem.info.pl\/index.php?rest_route=%2Fwp%2Fv2%2Fcomments&post=759"}],"version-history":[{"count":17,"href":"https:\/\/cem.info.pl\/index.php?rest_route=\/wp\/v2\/posts\/759\/revisions"}],"predecessor-version":[{"id":1011,"href":"https:\/\/cem.info.pl\/index.php?rest_route=\/wp\/v2\/posts\/759\/revisions\/1011"}],"wp:attachment":[{"href":"https:\/\/cem.info.pl\/index.php?rest_route=%2Fwp%2Fv2%2Fmedia&parent=759"}],"wp:term":[{"taxonomy":"category","embeddable":true,"href":"https:\/\/cem.info.pl\/index.php?rest_route=%2Fwp%2Fv2%2Fcategories&post=759"},{"taxonomy":"post_tag","embeddable":true,"href":"https:\/\/cem.info.pl\/index.php?rest_route=%2Fwp%2Fv2%2Ftags&post=759"}],"curies":[{"name":"wp","href":"https:\/\/api.w.org\/{rel}","templated":true}]}}