{"id":756,"date":"2015-10-24T13:53:08","date_gmt":"2015-10-24T11:53:08","guid":{"rendered":"http:\/\/www.cem.info.pl\/?p=756"},"modified":"2015-12-12T15:23:02","modified_gmt":"2015-12-12T14:23:02","slug":"europejski-dzien-jezykow","status":"publish","type":"post","link":"https:\/\/cem.info.pl\/?p=756","title":{"rendered":"Europejski Dzie\u0144 J\u0119zyk\u00f3w"},"content":{"rendered":"<p><\/p>\n<h3 style=\"text-align: center;\">\u015awi\u0119to wielokulturowej Europy \u2013 26 pa\u017adziernika to Europejski Dzie\u0144 J\u0119zyk\u00f3w<\/h3>\n<p style=\"text-align: justify;\">Z inicjatywy Rady Europy, od 13 lat obchodzimy ten dzie\u0144 pod has\u0142ami: \u201eJ\u0119zyki otwieraj\u0105 drzwi\u201d\u00a0 i \u201e Bogactwo j\u0119zyk\u00f3w \u2013 bogactwem Europy\u201d.\u00a0 W obchody tego \u015bwi\u0119ta w\u0142\u0105czy\u0142y si\u0119 miliony ludzi w 45 krajach.<\/p>\n<p style=\"text-align: justify;\">Nasz skromny, S\u0105decki udzia\u0142 \u2013 to realizacja programu Grundtviga we wsp\u00f3\u0142pracy z Partnerami w 3-ch krajach UE:\u00a0 Niemcami, Holandi\u0105 i W\u0119grami.<\/p>\n<p style=\"text-align: justify;\">Tytu\u0142 projektu bezpo\u015brednio jest zwi\u0105zany z ide\u0105 Europejskiego Dnia J\u0119zyk\u00f3w, poniewa\u017c brzmi: \u201eWielokulturowo\u015b\u0107 i wieloj\u0119zyczno\u015b\u0107 Europy \u2013 jak o tym uczy\u0107?\u201d\u00a0 Inicjatorem i\u00a0 Kordynatorem tego projektu jest Centrum Edukacji Mi\u0119dzykulturowej w Nowym S\u0105czu.<\/p>\n<p style=\"text-align: justify;\">Dzie\u0144 26 wrze\u015bnia sta\u0142 si\u0119 wielkim \u015bwi\u0119tem ca\u0142ego \u015brodowiska edukacji j\u0119zykowej i co roku Sekretarz Rady Europy kieruje apel do 800 mln Europejczyk\u00f3w o podejmowanie nauki r\u00f3\u017cnorodnych j\u0119zyk\u00f3w, promuj\u0105c wieloj\u0119zyczno\u015b\u0107 w\u015br\u00f3d doros\u0142ych, m\u0142odzie\u017cy i dzieci.\u00a0 Uczestnicz\u0105 w tym esperanty\u015bci, dla kt\u00f3rych zachowanie wieloj\u0119zyczno\u015bci \u015bwiata jest celem nadrz\u0119dnym.\u00a0 W\u0142a\u015bnie po to istnieje pomostowy, neutralny j\u0119zyk esperanto, aby \u0142\u0105czy\u0107 dba\u0142o\u015b\u0107 o r\u00f3\u017cnorodne\u00a0 kultury i nie pozwoli\u0107 na ich zagro\u017cenie poprzez ekspansj\u0119 tylko jednego j\u0119zyka narodowego i\u00a0 jednej kultury o cechach imperialnych, zaborczo wypieraj\u0105cej inne.<\/p>\n<p style=\"text-align: justify;\">W ramach wsp\u00f3\u0142pracy w realizacji mi\u0119dzynarodowego programu j\u0119zykowo \u2013kulturoznawczego, odwiedzili\u015bmy naszych \u201eBratank\u00f3w\u201d na W\u0119grzech, gdzie podczas 4-dniowego \u00a0\u00a0Seminarium w Balatonszardo oraz w Budapeszcie, wielokrotnie s\u0142yszeli\u015bmy cytowane przez W\u0119gr\u00f3w s\u0142awne powiedzenie o naszym braterstwie: \u201ei do szabli i do szklanki\u201d \u2013 po polsku, w\u0119giersku i w j\u0119zyku esperanto\u2026<\/p>\n<p style=\"text-align: justify;\">W seminarium wzi\u0119\u0142o udzia\u0142 30 os\u00f3b z 4-ch kraj\u00f3w a przebogaty program by\u0142 zwi\u0105zany ze zwyczajami zwi\u0105zanymi z upraw\u0105 winoro\u015bli i produkcji win, a wi\u0119c uczestniczyli\u015bmy tak\u017ce w \u015awi\u0119cie Wina, odwiedzili\u015bmy \u017cywy skansen, winnice i piwnice (nie tylko muzealne)\u2026 Uczestniczyli\u015bmy tak\u017ce w warsztatach haftu ludowego w\u0119gierskiego, po kt\u00f3rych zarz\u0105dzono konkurs haftu dla uczestnik\u00f3w. Tutaj okaza\u0142o si\u0119, \u017ce najzdolniejsze s\u0105 kobiety z Nowego S\u0105cza, bowiem to one zdoby\u0142y\u00a0 3 g\u0142\u00f3wne nagrody: pi\u0119kne serwety r\u0119cznie haftowane\u00a0 a I miejsce \u2013 dodatkowo\u00a0 butelk\u0119 Tokayu!\u00a0\u00a0 Nazwiska zwyci\u0119\u017cczy\u0144 :\u00a0 Joanna Galara, Wanda \u015amigielska i Krystyna Buczowska. Wszystkie one s\u0105 cz\u0142onkami Klubu Esperanta przy MOK i s\u0142uchaczkami S\u0105deckiego Uniwersytetu Trzeciego Wieku!<\/p>\n<p style=\"text-align: justify;\">Gratulacje!<\/p>\n<p style=\"text-align: right;\"><em>Opowiedzia\u0142a \u2013Halina Komar<\/em><\/p>\n<p><\/p>","protected":false},"excerpt":{"rendered":"<p>\u015awi\u0119to wielokulturowej Europy \u2013 26 pa\u017adziernika to Europejski Dzie\u0144 J\u0119zyk\u00f3w Z inicjatywy Rady Europy, od 13 lat obchodzimy ten dzie\u0144 pod has\u0142ami: \u201eJ\u0119zyki otwieraj\u0105 drzwi\u201d\u00a0 i \u201e Bogactwo j\u0119zyk\u00f3w \u2013 bogactwem Europy\u201d.\u00a0 W obchody tego \u015bwi\u0119ta w\u0142\u0105czy\u0142y si\u0119 miliony ludzi w 45 krajach. Nasz skromny, S\u0105decki udzia\u0142 \u2013 to realizacja programu Grundtviga we wsp\u00f3\u0142pracy z [&hellip;]<\/p>\n","protected":false},"author":3,"featured_media":0,"comment_status":"open","ping_status":"open","sticky":false,"template":"","format":"standard","meta":{"ngg_post_thumbnail":0,"footnotes":""},"categories":[1],"tags":[],"class_list":["post-756","post","type-post","status-publish","format-standard","hentry","category-bez-kategorii"],"_links":{"self":[{"href":"https:\/\/cem.info.pl\/index.php?rest_route=\/wp\/v2\/posts\/756","targetHints":{"allow":["GET"]}}],"collection":[{"href":"https:\/\/cem.info.pl\/index.php?rest_route=\/wp\/v2\/posts"}],"about":[{"href":"https:\/\/cem.info.pl\/index.php?rest_route=\/wp\/v2\/types\/post"}],"author":[{"embeddable":true,"href":"https:\/\/cem.info.pl\/index.php?rest_route=\/wp\/v2\/users\/3"}],"replies":[{"embeddable":true,"href":"https:\/\/cem.info.pl\/index.php?rest_route=%2Fwp%2Fv2%2Fcomments&post=756"}],"version-history":[{"count":7,"href":"https:\/\/cem.info.pl\/index.php?rest_route=\/wp\/v2\/posts\/756\/revisions"}],"predecessor-version":[{"id":1359,"href":"https:\/\/cem.info.pl\/index.php?rest_route=\/wp\/v2\/posts\/756\/revisions\/1359"}],"wp:attachment":[{"href":"https:\/\/cem.info.pl\/index.php?rest_route=%2Fwp%2Fv2%2Fmedia&parent=756"}],"wp:term":[{"taxonomy":"category","embeddable":true,"href":"https:\/\/cem.info.pl\/index.php?rest_route=%2Fwp%2Fv2%2Fcategories&post=756"},{"taxonomy":"post_tag","embeddable":true,"href":"https:\/\/cem.info.pl\/index.php?rest_route=%2Fwp%2Fv2%2Ftags&post=756"}],"curies":[{"name":"wp","href":"https:\/\/api.w.org\/{rel}","templated":true}]}}