{"id":752,"date":"2015-10-24T13:46:37","date_gmt":"2015-10-24T11:46:37","guid":{"rendered":"http:\/\/www.cem.info.pl\/?p=752"},"modified":"2015-12-12T15:41:08","modified_gmt":"2015-12-12T14:41:08","slug":"seminarium-na-wegrzech","status":"publish","type":"post","link":"https:\/\/cem.info.pl\/?p=752","title":{"rendered":"Seminarium na W\u0119grzech"},"content":{"rendered":"<p><\/p>\n<h3 style=\"text-align: center;\">S\u0105deczanki rozbi\u0142y bank nagr\u00f3d podczas seminarium kulturoznawczego na \u00a0W\u0119grzech !<\/h3>\n<p style=\"text-align: justify;\"><strong>Centrum Edukacji Mi\u0119dzykulturowej w Nowym S\u0105czu jest koordynatorem mi\u0119dzynarodowego projektu GRUNDTVIG, w kt\u00f3rym uczestnicz\u0105 DE+NL+ PL+HU:<\/strong><\/p>\n<p style=\"text-align: justify;\"><strong>\u201eWielokulturowo\u015b\u0107 i wieloj\u0119zyczno\u015b\u0107\u00a0 Europy \u2013 jak o tym uczy\u0107?\u201d<\/strong><\/p>\n<p style=\"text-align: justify;\"><strong>Temat aktualny w przeddzie\u0144 Europejskiego Dnia J\u0119zyk\u00f3w, obchodzonego z inicjatywy Rady Europy ju\u017c 13 raz w dniu 26 wrze\u015bnia.<\/strong><\/p>\n<p>W ramach projektu Grundtviga oraz w zwi\u0105zku z jutrzejszym \u015bwi\u0119tem wieloj\u0119zyczno\u015bci\u00a0 Europy, odby\u0142o si\u0119 na W\u0119grzech seminarium kulturoznawcze, realizowane w Balatonszarszo i Budapeszcie. Podczas\u00a0 niezwykle bogatego programu seminaryjnego, dok\u0142adnie ilustruj\u0105cego kultur\u0119 i obyczajowo\u015b\u0107 Regionu Po\u0142udniowego Balatonu, znalaz\u0142 si\u0119 tak\u017ce czas\u00a0 na zwiedzanie niezwyk\u0142ego \u201e\u017cyj\u0105cego skansenu\u201d \u2013 wioski Buzsak, k\u0105pieli w termalnym, powulkanicznym jeziorze w uzdrowisku Heviz, udzia\u0142 w Paradzie \u015awi\u0119ta Winobrania w Zalakaros i ulicznej zabawie, w kt\u00f3rej najaktywniejsz\u0105 grup\u0105 byli w\u0142a\u015bnie Polacy.<\/p>\n<p style=\"text-align: justify;\">Nie zabrak\u0142o specjalno\u015bci kuchni w\u0119gierskiej (poprzedzonych naukow\u0105 prelekcj\u0105 o w\u0119gierskiej sztuce kulinarnej),\u00a0 ani muzyki w przepastnych piwnicach winnych,\u00a0 ani cyga\u0144skiej muzyki z ta\u0144cami w go\u015bci\u0144cu SZEGED w centrum Budapesztu\u2026<\/p>\n<p style=\"text-align: justify;\">Organizator tego seminarium \u2013 to Szilvasi Laszlo, prezes Kulturalnego Zwi\u0105zku Esperantyst\u00f3w na W\u0119grzech i w\u0142a\u015bciciel najlepszej Szko\u0142y J\u0119zykowej w tym mie\u015bcie ( wspomnie\u0107 nale\u017cy, \u017ce na W\u0119grzech Esperanto jest j\u0119zykiem r\u00f3wnoprawnym z innymi j\u0119zykami\u00a0 narodowymi , u\u017cywanym do zaliczania egzamin\u00f3w maturalnych i dyplomowych na studiach wy\u017cszych \u2013 5-6 tys. zdaj\u0105cych co roku wybiera w\u0142a\u015bnie esperanto).\u00a0 Laszlo zaproponowa\u0142 nam przy\u015bpieszone warsztaty haftu w\u0119gierskiego, po kt\u00f3rych do konkursu dla uczestnik\u00f3w przyst\u0105pili nawet m\u0119\u017cczy\u017ani!<\/p>\n<p style=\"text-align: justify;\">Niepokonane okaza\u0142y si\u0119 jednak\u00a0 S\u0105deczanki, zagarniaj\u0105c\u00a0 g\u0142\u00f3wne nagrody!\u00a0 Najlepsze w tym gronie mi\u0119dzynarodowym by\u0142y:\u00a0 Joanna Galara \u2013 I miejsce, Wanda \u015amigielska \u2013 II miejsce, Krystyna Buczowska \u2013 III miejsce. Wszystkie otrzyma\u0142y r\u0119cznie haftowane serwety a\u00a0 laureatka dodatkowo \u2013 butelk\u0119 Tokayu.<\/p>\n<p style=\"text-align: justify;\">Wszystkie one s\u0105 esperantystkami z naszego Klubu Esperanto w MOK\u00a0 i wszystkie \u2013 s\u0142uchaczkami\u00a0 S\u0105deckiego Uniwersytetu Trzeciego Wieku.<\/p>\n<p>\u0179r\u00f3d\u0142o: portal S\u0104DECZANIN \u201eKultura i edukacja\u201d<\/p>","protected":false},"excerpt":{"rendered":"<p>S\u0105deczanki rozbi\u0142y bank nagr\u00f3d podczas seminarium kulturoznawczego na \u00a0W\u0119grzech ! Centrum Edukacji Mi\u0119dzykulturowej w Nowym S\u0105czu jest koordynatorem mi\u0119dzynarodowego projektu GRUNDTVIG, w kt\u00f3rym uczestnicz\u0105 DE+NL+ PL+HU: \u201eWielokulturowo\u015b\u0107 i wieloj\u0119zyczno\u015b\u0107\u00a0 Europy \u2013 jak o tym uczy\u0107?\u201d Temat aktualny w przeddzie\u0144 Europejskiego Dnia J\u0119zyk\u00f3w, obchodzonego z inicjatywy Rady Europy ju\u017c 13 raz w dniu 26 wrze\u015bnia. W [&hellip;]<\/p>\n","protected":false},"author":3,"featured_media":0,"comment_status":"open","ping_status":"open","sticky":false,"template":"","format":"standard","meta":{"ngg_post_thumbnail":0,"footnotes":""},"categories":[1],"tags":[],"class_list":["post-752","post","type-post","status-publish","format-standard","hentry","category-bez-kategorii"],"_links":{"self":[{"href":"https:\/\/cem.info.pl\/index.php?rest_route=\/wp\/v2\/posts\/752","targetHints":{"allow":["GET"]}}],"collection":[{"href":"https:\/\/cem.info.pl\/index.php?rest_route=\/wp\/v2\/posts"}],"about":[{"href":"https:\/\/cem.info.pl\/index.php?rest_route=\/wp\/v2\/types\/post"}],"author":[{"embeddable":true,"href":"https:\/\/cem.info.pl\/index.php?rest_route=\/wp\/v2\/users\/3"}],"replies":[{"embeddable":true,"href":"https:\/\/cem.info.pl\/index.php?rest_route=%2Fwp%2Fv2%2Fcomments&post=752"}],"version-history":[{"count":6,"href":"https:\/\/cem.info.pl\/index.php?rest_route=\/wp\/v2\/posts\/752\/revisions"}],"predecessor-version":[{"id":1364,"href":"https:\/\/cem.info.pl\/index.php?rest_route=\/wp\/v2\/posts\/752\/revisions\/1364"}],"wp:attachment":[{"href":"https:\/\/cem.info.pl\/index.php?rest_route=%2Fwp%2Fv2%2Fmedia&parent=752"}],"wp:term":[{"taxonomy":"category","embeddable":true,"href":"https:\/\/cem.info.pl\/index.php?rest_route=%2Fwp%2Fv2%2Fcategories&post=752"},{"taxonomy":"post_tag","embeddable":true,"href":"https:\/\/cem.info.pl\/index.php?rest_route=%2Fwp%2Fv2%2Ftags&post=752"}],"curies":[{"name":"wp","href":"https:\/\/api.w.org\/{rel}","templated":true}]}}