{"id":3019,"date":"2023-11-28T18:01:27","date_gmt":"2023-11-28T17:01:27","guid":{"rendered":"https:\/\/cem.info.pl\/?p=3019"},"modified":"2023-11-30T20:38:49","modified_gmt":"2023-11-30T19:38:49","slug":"jesienne-spotkania-esperantystow","status":"publish","type":"post","link":"https:\/\/cem.info.pl\/?p=3019","title":{"rendered":"Jesienne spotkania esperantyst\u00f3w"},"content":{"rendered":"<p>&nbsp;&nbsp;&nbsp; Po wakacjach i podr\u00f3\u017cach cz\u0142onkowie Centrum Edukacji Mi\u0119dzykulturowej powr\u00f3cili do zaj\u0119\u0107 w Miejskim O\u015brodku Kultury. We wtorki i czwartki odbywaj\u0105 si\u0119 kursy j\u0119zyka esperanto prowadzone przez wolontariuszk\u0119 Jolant\u0119 Kieres. Do grona os\u00f3b ucz\u0105cych si\u0119 esperanta do\u0142\u0105czy\u0142o kilka studentek S\u0105deckiego Uniwersytetu Trzeciego Wieku.<br \/>\n&nbsp;&nbsp;&nbsp; Wa\u017cnymi wydarzeniami w CEM s\u0105 comiesi\u0119czne poniedzia\u0142kowe spotkania klubowe, w kt\u00f3rych ka\u017cdorazowo uczestniczy oko\u0142o 30 os\u00f3b.<br \/>\n&nbsp;&nbsp;&nbsp; Na pa\u017adziernikowym spotkaniu uczestnicy 108 \u015awiatowego Kongresu Esperanta opowiadali o pobycie w Turynie, zwiedzaniu Mediolanu i Doliny Aosty.&nbsp; A tak\u017ce podkre\u015blali szczeg\u00f3lne uroki \u201ecudu natury\u201d jakim jest Jaskinia Postojna w S\u0142owacji i kt\u00f3r\u0105 zwiedzili w drodze powrotnej do kraju.<\/p>\n<p>&nbsp;&nbsp;&nbsp; Kolejne spotkanie klubowe odby\u0142o si\u0119 13 listopada. To spotkanie po\u015bwi\u0119cone by\u0142o 105 rocznicy odzyskania przez Polsk\u0119 niepodleg\u0142o\u015bci. Na spotkaniu zaprezentowany by\u0142 sfilmowany spektakl pt. \u201eZ literatur\u0105, poezj\u0105 i pie\u015bni\u0105 w 100 lecie Niepodleg\u0142ej Polski\u201d . Program zosta\u0142 zrealizowany w 2018 roku przez senior\u00f3w naszego stowarzyszenie i przedstawiany wtedy w kilku miejscach w Nowym S\u0105czu \u2013 w Centrum Seniora , w MCK \u201eSok\u00f3\u0142\u201d, w Miejskim O\u015brodku Kultury a tak\u017ce w Zespole Szk\u00f3l im. W\u0142. Orkana w Marcinkowicach oraz w wersji skr\u00f3conej w Warszawie w Ministerstwie Rodziny, Pracy i Polityki Spo\u0142ecznej a III og\u00f3lnopolskim spotkaniu senior\u00f3w.<br \/>\n&nbsp;&nbsp;&nbsp; Dla grupy, kt\u00f3ra wyst\u0105pi\u0142a w tym programie ogl\u0105danie filmu by\u0142o \u201echwil\u0105 wspomnie\u0144\u201d a osoby, kt\u00f3re ogl\u0105da\u0142y film po raz pierwszy mia\u0142y okazj\u0119 pozna\u0107 nieznan\u0105 im do t ej pory stron\u0119 dzia\u0142alno\u015bci CEM. Natomiast wszyscy w\u0142\u0105czali si\u0119 do \u015bpiewania pie\u015bni legionowych, kt\u00f3re stanowi\u0142y cz\u0119\u015b\u0107 spektaklu.<\/p>\n<p style=\"text-align: right;\">Maria Baran<\/p>\n<p><div style=\"width: 854px;\" class=\"wp-video\"><video class=\"wp-video-shortcode\" id=\"video-3019-1\" width=\"854\" height=\"480\" preload=\"metadata\" controls=\"controls\"><source type=\"video\/mp4\" src=\"https:\/\/cem.info.pl\/wp-content\/uploads\/2023\/11\/kadrowa.mp4?_=1\" \/><a href=\"https:\/\/cem.info.pl\/wp-content\/uploads\/2023\/11\/kadrowa.mp4\">https:\/\/cem.info.pl\/wp-content\/uploads\/2023\/11\/kadrowa.mp4<\/a><\/video><\/div><\/p>","protected":false},"excerpt":{"rendered":"<p>&nbsp;&nbsp;&nbsp; Po wakacjach i podr\u00f3\u017cach cz\u0142onkowie Centrum Edukacji Mi\u0119dzykulturowej powr\u00f3cili do zaj\u0119\u0107 w Miejskim O\u015brodku Kultury. We wtorki i czwartki odbywaj\u0105 si\u0119 kursy j\u0119zyka esperanto prowadzone przez wolontariuszk\u0119 Jolant\u0119 Kieres. Do grona os\u00f3b ucz\u0105cych si\u0119 esperanta do\u0142\u0105czy\u0142o kilka studentek S\u0105deckiego Uniwersytetu Trzeciego Wieku. &nbsp;&nbsp;&nbsp; Wa\u017cnymi wydarzeniami w CEM s\u0105 comiesi\u0119czne poniedzia\u0142kowe spotkania klubowe, w kt\u00f3rych [&hellip;]<\/p>\n","protected":false},"author":4,"featured_media":0,"comment_status":"open","ping_status":"open","sticky":false,"template":"","format":"standard","meta":{"ngg_post_thumbnail":0,"footnotes":""},"categories":[1],"tags":[],"class_list":["post-3019","post","type-post","status-publish","format-standard","hentry","category-bez-kategorii"],"_links":{"self":[{"href":"https:\/\/cem.info.pl\/index.php?rest_route=\/wp\/v2\/posts\/3019","targetHints":{"allow":["GET"]}}],"collection":[{"href":"https:\/\/cem.info.pl\/index.php?rest_route=\/wp\/v2\/posts"}],"about":[{"href":"https:\/\/cem.info.pl\/index.php?rest_route=\/wp\/v2\/types\/post"}],"author":[{"embeddable":true,"href":"https:\/\/cem.info.pl\/index.php?rest_route=\/wp\/v2\/users\/4"}],"replies":[{"embeddable":true,"href":"https:\/\/cem.info.pl\/index.php?rest_route=%2Fwp%2Fv2%2Fcomments&post=3019"}],"version-history":[{"count":8,"href":"https:\/\/cem.info.pl\/index.php?rest_route=\/wp\/v2\/posts\/3019\/revisions"}],"predecessor-version":[{"id":3033,"href":"https:\/\/cem.info.pl\/index.php?rest_route=\/wp\/v2\/posts\/3019\/revisions\/3033"}],"wp:attachment":[{"href":"https:\/\/cem.info.pl\/index.php?rest_route=%2Fwp%2Fv2%2Fmedia&parent=3019"}],"wp:term":[{"taxonomy":"category","embeddable":true,"href":"https:\/\/cem.info.pl\/index.php?rest_route=%2Fwp%2Fv2%2Fcategories&post=3019"},{"taxonomy":"post_tag","embeddable":true,"href":"https:\/\/cem.info.pl\/index.php?rest_route=%2Fwp%2Fv2%2Ftags&post=3019"}],"curies":[{"name":"wp","href":"https:\/\/api.w.org\/{rel}","templated":true}]}}