{"id":2962,"date":"2023-08-31T18:04:02","date_gmt":"2023-08-31T16:04:02","guid":{"rendered":"https:\/\/cem.info.pl\/?p=2962"},"modified":"2023-09-19T18:53:24","modified_gmt":"2023-09-19T16:53:24","slug":"siedlce-kongres-pze","status":"publish","type":"post","link":"https:\/\/cem.info.pl\/?p=2962","title":{"rendered":"Siedlce &#8211; Kongres Polskiego Zwi\u0105zku Esperanta"},"content":{"rendered":"<p><\/p>\n<p style=\"text-align: left;\"><a href=\"https:\/\/cem.info.pl\/wp-content\/uploads\/2023\/08\/siedlce.jpg\" rel=\"lightbox[2962]\"><img loading=\"lazy\" decoding=\"async\" class=\"alignnone size-medium wp-image-2963\" src=\"https:\/\/cem.info.pl\/wp-content\/uploads\/2023\/08\/siedlce-300x251.jpg\" alt=\"\" width=\"300\" height=\"251\" srcset=\"https:\/\/cem.info.pl\/wp-content\/uploads\/2023\/08\/siedlce-300x251.jpg 300w, https:\/\/cem.info.pl\/wp-content\/uploads\/2023\/08\/siedlce-768x644.jpg 768w, https:\/\/cem.info.pl\/wp-content\/uploads\/2023\/08\/siedlce.jpg 816w\" sizes=\"auto, (max-width: 300px) 100vw, 300px\" \/><br \/>\n<\/a>&nbsp;&nbsp;&nbsp; W Siedlcach odby\u0142 si\u0119 w tym roku , w dniach 20-23 lipca, 40-ty Kongres Polskiego Zwi\u0105zku Esperanta . By\u0142 wyj\u0105tkowo liczny , a dodatkowo u\u015bwietni\u0142 go swoj\u0105 obecno\u015bci\u0105 ponad 90-letni wnuk Antoniego Grabowskiego Zbigniew Antoni Kruszewski, kt\u00f3remu nadano honorowe cz\u0142onkostwo PZE.<br \/>\n&nbsp;&nbsp;&nbsp; CEM reprezentowa\u0142o troje esperantyst\u00f3w. Wszystko odby\u0142o si\u0119 w salach i gmachu biblioteki siedleckiego Uniwersytetu Przyrodniczo-Humanistycznego. Jak zwykle by\u0142y ciekawe prelekcje np. redaktora Pola Ret Radio Macieja Jaskota \u201eDbajmy o nasz j\u0119zyk\u201d. Zwi\u0105zki z Siedlcami Ady Sikorskiej -Fighiera zaprezentowa\u0142 Roman Dobrzy\u0144ski te\u017c zwi\u0105zany rodzinnie z t\u0105 okolic\u0105.<br \/>\n&nbsp;&nbsp;&nbsp; Esperanty\u015bci w Siedlcach uroczy\u015bcie \u015bwi\u0119towali wraz ze wszystkimi uczestnikami 115-t\u0105 rocznic\u0119 swojego ruchu esperanckiego. By\u0142o wsp\u00f3lne \u015bpiewanie z Halin\u0105 R\u00f3\u017canek i bia\u0142o-zielony tort jubileuszowy.<br \/>\n&nbsp;&nbsp;&nbsp; Niewidoma poetka z Wroc\u0142awia, Halina Kuropatnicka Salamon czyta\u0142a swoje wiersze a Ka\u015di i Wojtek \u0141awnikiewicz koncertowali po polsku i po esperancku. Z lokalnymi przewodnikami zwiedzili\u015bmy najwa\u017cniejsze miejsca i zabytki Siedlec poznaj\u0105c posta\u0107 zas\u0142u\u017conej dla miasta ksi\u0119\u017cnej Aleksandry Ogi\u0144skiej. Nie tylko miasto ale r\u00f3wnie\u017c okolice zosta\u0142y ciekawie zaprezentowane przez pasjonata historii i fotografii, a zawodowo vice-dyrektora Regionalnego Muzeum w Siedlcach S\u0142awomira Kordaczuka.<\/p>\n<p style=\"text-align: left;\">&nbsp;&nbsp;&nbsp; W ostatnim dniu John Magessa z Tanzanii opowiada\u0142 niezwykle ciekawie o Aru\u015dy, mie\u015bcie u st\u00f3p Kilimand\u017caro, gdzie odb\u0119dzie si\u0119 nast\u0119pny \u015awiatowy Kongres Esperanta. Na nast\u0119pny kongres PZE na przysz\u0142y rok zaprasza\u0142 natomiast \u015awi\u0119tos\u0142aw Fortuna do Kalisza.<\/p>\n<p style=\"text-align: right;\">Bo\u017cena Kocyk&nbsp;<\/p>\n<p><\/p>","protected":false},"excerpt":{"rendered":"<p>&nbsp;&nbsp;&nbsp; W Siedlcach odby\u0142 si\u0119 w tym roku , w dniach 20-23 lipca, 40-ty Kongres Polskiego Zwi\u0105zku Esperanta . By\u0142 wyj\u0105tkowo liczny , a dodatkowo u\u015bwietni\u0142 go swoj\u0105 obecno\u015bci\u0105 ponad 90-letni wnuk Antoniego Grabowskiego Zbigniew Antoni Kruszewski, kt\u00f3remu nadano honorowe cz\u0142onkostwo PZE. &nbsp;&nbsp;&nbsp; CEM reprezentowa\u0142o troje esperantyst\u00f3w. Wszystko odby\u0142o si\u0119 w salach i gmachu biblioteki [&hellip;]<\/p>\n","protected":false},"author":4,"featured_media":0,"comment_status":"open","ping_status":"open","sticky":false,"template":"","format":"standard","meta":{"ngg_post_thumbnail":0,"footnotes":""},"categories":[1],"tags":[],"class_list":["post-2962","post","type-post","status-publish","format-standard","hentry","category-bez-kategorii"],"_links":{"self":[{"href":"https:\/\/cem.info.pl\/index.php?rest_route=\/wp\/v2\/posts\/2962","targetHints":{"allow":["GET"]}}],"collection":[{"href":"https:\/\/cem.info.pl\/index.php?rest_route=\/wp\/v2\/posts"}],"about":[{"href":"https:\/\/cem.info.pl\/index.php?rest_route=\/wp\/v2\/types\/post"}],"author":[{"embeddable":true,"href":"https:\/\/cem.info.pl\/index.php?rest_route=\/wp\/v2\/users\/4"}],"replies":[{"embeddable":true,"href":"https:\/\/cem.info.pl\/index.php?rest_route=%2Fwp%2Fv2%2Fcomments&post=2962"}],"version-history":[{"count":5,"href":"https:\/\/cem.info.pl\/index.php?rest_route=\/wp\/v2\/posts\/2962\/revisions"}],"predecessor-version":[{"id":2976,"href":"https:\/\/cem.info.pl\/index.php?rest_route=\/wp\/v2\/posts\/2962\/revisions\/2976"}],"wp:attachment":[{"href":"https:\/\/cem.info.pl\/index.php?rest_route=%2Fwp%2Fv2%2Fmedia&parent=2962"}],"wp:term":[{"taxonomy":"category","embeddable":true,"href":"https:\/\/cem.info.pl\/index.php?rest_route=%2Fwp%2Fv2%2Fcategories&post=2962"},{"taxonomy":"post_tag","embeddable":true,"href":"https:\/\/cem.info.pl\/index.php?rest_route=%2Fwp%2Fv2%2Ftags&post=2962"}],"curies":[{"name":"wp","href":"https:\/\/api.w.org\/{rel}","templated":true}]}}