{"id":293,"date":"2014-11-29T23:07:13","date_gmt":"2014-11-29T22:07:13","guid":{"rendered":"http:\/\/www.cem.info.pl\/?p=293"},"modified":"2015-10-27T00:21:21","modified_gmt":"2015-10-26T23:21:21","slug":"dni-zamenhofa-2","status":"publish","type":"post","link":"https:\/\/cem.info.pl\/?p=293","title":{"rendered":"Dni Zamenhofa"},"content":{"rendered":"<p><\/p>\n<h4 style=\"text-align: center;\"><\/h4>\n<p style=\"text-align: center;\"><a href=\"http:\/\/www.cem.info.pl\/wp-content\/uploads\/2014\/11\/plakat.jpg\" rel=\"lightbox[293]\"><img loading=\"lazy\" decoding=\"async\" class=\"wp-image-257\" src=\"http:\/\/www.cem.info.pl\/wp-content\/uploads\/2014\/11\/plakat.jpg\" alt=\"plakat\" width=\"203\" height=\"284\" srcset=\"https:\/\/cem.info.pl\/wp-content\/uploads\/2014\/11\/plakat.jpg 430w, https:\/\/cem.info.pl\/wp-content\/uploads\/2014\/11\/plakat-215x300.jpg 215w\" sizes=\"auto, (max-width: 203px) 100vw, 203px\" \/><\/a>\u00a0 \u00a0 \u00a0 \u00a0<a href=\"http:\/\/www.cem.info.pl\/wp-content\/uploads\/2014\/11\/plakat2.jpg\" rel=\"lightbox[293]\"><img loading=\"lazy\" decoding=\"async\" class=\"wp-image-278\" src=\"http:\/\/www.cem.info.pl\/wp-content\/uploads\/2014\/11\/plakat2.jpg\" alt=\"plakat2\" width=\"422\" height=\"285\" srcset=\"https:\/\/cem.info.pl\/wp-content\/uploads\/2014\/11\/plakat2.jpg 653w, https:\/\/cem.info.pl\/wp-content\/uploads\/2014\/11\/plakat2-300x202.jpg 300w\" sizes=\"auto, (max-width: 422px) 100vw, 422px\" \/><\/a><\/p>\n<p>\u00a0<strong>Zaproszenia na obchody \u00a0&#8222;Dni Zamenhofa&#8221;: \u00a0\u00a0<\/strong><a href=\"http:\/\/www.cem.info.pl\/wp-content\/uploads\/2014\/11\/zaproszenie-1.pdf\">Zaproszenie 1<\/a>\u00a0.pdf, \u00a0<a href=\"http:\/\/www.cem.info.pl\/wp-content\/uploads\/2014\/11\/zaproszenie-2.pdf\">Zaproszenie 2<\/a>\u00a0.pdf,\u00a0<a href=\"http:\/\/www.cem.info.pl\/wp-content\/uploads\/2014\/11\/zaproszenie-3.pdf\">Zaproszenie 3<\/a>.pdf<\/p>\n<p style=\"text-align: left;\"><strong>Program\u00a0 obchod\u00f3w\u00a0 &#8222;Dni Zamenhofa&#8221;:\u00a0<\/strong><a href=\"http:\/\/www.cem.info.pl\/wp-content\/uploads\/2014\/11\/program-dni-zamenfofa.pdf\">Program Dni Zamenfofa<\/a>.\u00a0pdf, \u00a0\u00a0<a href=\"http:\/\/www.cem.info.pl\/wp-content\/uploads\/2014\/11\/plakat.pdf\">plakat<\/a>,pdf<\/p>\n<p style=\"text-align: center;\"><strong>DNI\u00a0 ZAMENHOFA w Nowym S\u0105czu 11-13.XII.2014<\/strong><\/p>\n<p style=\"text-align: center;\"><strong>z\u00a0 okazji<\/strong><\/p>\n<p>1859r.\u00a0\u00a0\u00a0 155-a rocznica\u00a0 Urodzin Ludwika L. Zamenhofa<\/p>\n<p>1954r.\u00a0\u00a0\u00a0\u00a0 60-lecie Rezolucji UNESCO w Montevideo popieraj\u0105cej ESPERANTO<\/p>\n<p>2012r.\u00a0\u00a0\u00a0\u00a0 Powstanie Parlamentarnego Zespo\u0142u Wspierania Esperanta w\u00a0 RP<\/p>\n<p>2014r.\u00a0\u00a0\u00a0\u00a0 Esperanto na Li\u015bcie Niematerialnego Dziedzictwa Kulturowego NID<\/p>\n<p>&nbsp;<\/p>\n<p>Koordynator: Centrum Edukacji Mi\u0119dzykulturowej Nowy S\u0105cz\/Wroc\u0142aw<\/p>\n<p>Wsp\u00f3\u0142organizatorzy: Europa-Demokracja-Esperanto Polska\u00a0oraz ZG Polskiego Zwi\u0105zku Esperantyst\u00f3w<\/p>\n<p>We wsp\u00f3\u0142pracy z S\u0105deckim Uniwersytetem Trzeciego Wieku<\/p>\n<p>Pomoc organizacyjna: Miejski O\u015brodek Kultury w Nowym S\u0105czu<\/p>\n<p>&nbsp;<\/p>\n<p>PROGRAM\u00a0 OBCHOD\u00d3W<\/p>\n<p><em><u>Pod Patronatem Senatora prof.dr.hab.in\u017c. Edmunda Wittbrodta,<\/u><\/em><\/p>\n<p><em><u>Przewodnicz\u0105cego\u00a0 Parlamentarnego Zespo\u0142u Wspierania Esperanta<\/u><\/em><\/p>\n<p>&nbsp;<\/p>\n<p>Czwartek 11.12.2014<\/p>\n<p style=\"text-align: justify;\">godz. 13\u00a0 w Sali MCK\u00a0 SOK\u00d3\u0141\u00a0 dla s\u0142uchaczy SUTW i uczestnik\u00f3w Dni\u00a0Zamenhofa: Kr\u00f3tka informacja Haliny Komar o wydarzeniu,\u00a0mini prelekcja Ma\u0142gosi Komarnickiej \u201eOd ma\u0142ej ksi\u0105\u017ceczki do\u00a0og\u00f3lno\u015bwiatowego ruchu\u201d\u00a0 i film Romana Dobrzy\u0144skiego\u00a0BONA\u00a0 ESPERO, rozdanie zaprosze\u0144\u00a0 (konieczne\u00a0 ograniczenie ilo\u015bci\u0105\u00a0miejsc w Sali MOK) na wernisa\u017c wystawy senackiej\u00a0 i premier\u0119\u00a0spektaklu URSZULA w MOK.<\/p>\n<p>godz.14 &#8211; 16 przerwa obiadowa<\/p>\n<p><u>godz.16 &#8211; 19 Blok programowy: Wiecz\u00f3r z Esperantem I<\/u><\/p>\n<p>ESPERANTO-NIEMATERIALNE DZIEDZICTWO KULTUROWE\u00a0 &#8211;<\/p>\n<p>\u015bwi\u0119tujemy wpisanie na List\u0119 Narodowego Instytutu Dziedzictwa MKiDN<\/p>\n<p>&#8211; w holu g\u00f3rnym MOK, uroczyste otwarcie tzw. Wystawy Senackiej\u00a0przy udziale zaproszonych go\u015bci i medi\u00f3w,<\/p>\n<p>&#8211; w Sali Widowiskowej MOK, kr\u00f3tk\u0105\u00a0 prelekcj\u0119\/prezentacj\u0119\u00a0wykona Honorowy Przewodnicz\u0105cy EDE-PL Kazimierz Krzy\u017cak<\/p>\n<p>&#8211; sala widowiskowa MOK &#8211; spektakl URSZULA autorstwa Romana\u00a0Dobrzy\u0144skiego w wykonaniu Ma\u0142gosi Komarnickiej<\/p>\n<p style=\"text-align: justify;\">&#8211; pocz\u0119stunek zaproszonych go\u015bci urodzinowym tortem Ludwika,\u00a0toast za epokowy sukces \u2013 uznanie Esperanta za Niematerialne\u00a0Dziedzictwo Kulturowe wpisem na List\u0119 Narodowego Instytutu\u00a0Dziedzictwa \u2013 20 listopada 2014r. zatwierdzenie MKiDN.<\/p>\n<p>=================================================================<\/p>\n<p>Pi\u0105tek 12.12.2014<\/p>\n<p>godz.10 \u2013 11\u00a0 sala Kameralna MOK: \u201e Esperanto na weso\u0142o\u201d-\u00a0 wyst\u0105pi\u0105 dzieci\u00a0ze szk\u00f3\u0142 wiejskich, gdzie uczy esperanta Jolanta Kieres ze\u00a0skeczami esperanckimi, potem\u00a0 zabawny Magiczny Stolik Teatru\u00a0pod nazw\u0105 ESPERANTO w wykonaniu senior\u00f3w, s\u0142uchaczy\u00a0SUTW. Prezenciki \u201eMiko\u0142ajowe\u201d dla wykonawc\u00f3w.<\/p>\n<p>godz.11-11,15\u00a0 Informacja Haliny Komar \u2013 prezes CEM na temat planowanego\u00a0uczestnictwa naszych esperantyst\u00f3w w 2015 r. w\u00a0 nast\u0119puj\u0105cych\u00a0imprezach ( terminy zg\u0142osze\u0144, warunki uczestnictwa, koszty) :<\/p>\n<p>kwiecie\u0144 2015 \u2013 seminarium pedagogiczne na W\u0119grzech HU<\/p>\n<p>maj 2015 \u2013 Festyn Ludowy w Herzbergu DE<\/p>\n<p>lipiec 2015 \u2013 \u015awiatowy Kongres Esperanta w Lille FR<\/p>\n<p>sierpie\u0144 2015 \u2013 Mi\u0119dzynarodowy Kongres M\u0142odzie\u017cy Wiesbaden DE<\/p>\n<p>wrzesie\u0144 2015 \u2013 Forum Ekonomiczne Krynica PL<\/p>\n<p>(mo\u017cliwo\u015b\u0107 organizacji wakacyjnej grupy na Festiwal Muzyczny w<\/p>\n<p>Danii oraz Somera Esperanto Studado na S\u0142owacji)<\/p>\n<p>11,15 &#8211; 11,45 Prelekcja Stanis\u0142awa Mandraka \u2013 przewodnicz\u0105cego ZG PZE na\u00a0emat jubileuszu \u201eMontevideo 60\u201d o najwa\u017cniejszej rezolucji\u00a0UNESCO dla naszego ruchu i kontynuacji na Konferencji w Sofii.<\/p>\n<p>godz. 11,45 \u2013 13.00\u00a0 ESPERANTO jako Niematerialne Dziedzictwo Kulturowe\u00a0szanse i zadania z tego wynikaj\u0105ce \u2013 dyskusja panelowa mi\u0119dzy\u00a0przedstawicielami CEM+EDE+PZE (czy PEJ i ILEI te\u017c si\u0119 w\u0142\u0105cz\u0105?)<\/p>\n<p>godz. 13 \u2013 15\u00a0 przerwa obiadowa<\/p>\n<p>godz. 15 \u2013 17\u00a0 Sala Konferencyjna: pr\u00f3ba stworzenia zespo\u0142u roboczego do\u00a0realizacji krajowego programu w\u0142\u0105czenia Esperanta do\u00a0polskiego systemu o\u015bwiaty (poszukiwania kompetentnych os\u00f3b,\u00a0propozycje \u017ar\u00f3de\u0142 finansowania na kszta\u0142cenie nauczycieli\u00a0esperanta, zasoby rzeczowe \u2013 baza lokalowa, usprz\u0119towienie,\u00a0wsparcie lokalnej administracji pa\u0144stwowej i samorz\u0105d\u00f3w,\u00a0patronaty polityczne, sponsoring instytucjonalny i biznesowy\u2026<\/p>\n<p>Propozycje do Rady Programowej , sk\u0142adaj\u0105cej si\u0119 z ludzi\u00a0o\u015bwiaty i autorytet\u00f3w esperanckich oraz ekspert\u00f3w, kt\u00f3rzy\u00a0opiniowali wniosek do NID.<\/p>\n<p><u>R\u00f3wnolegle: w Sali Kameralnej b\u0119dzie wykonana wersja esperancka URSULI\u00a0<\/u><\/p>\n<p>.godz. 17 &#8211; 17,30 przerwa kawowa<\/p>\n<p>godz. 17,30 -19.00, Blok Programowy: Wiecz\u00f3r II z Esperantem<\/p>\n<p>\u0141\u0104CZYMY R\u00d3ZNE KULTURY ODMIENNYCH\u00a0 \u015aWIAT\u00d3W<\/p>\n<p>w duchu rezolucji UNESCO z Montevideo:<\/p>\n<p><em>Harmonia duszy i cia\u0142a<\/em>, <em>Nepalskie amplitudy i tybeta\u0144skie d\u017awi\u0119ki<\/em><em>.<\/em><\/p>\n<p>&nbsp;<\/p>\n<p>Autor filmu Roman Dobrzy\u0144ski, zaprezentuje \u201eNepalskie\u00a0Amplitudy\u201d jako przyk\u0142ad zastosowania Esperanta dla realizacji\u00a0postulat\u00f3w Rezolucji UNESCO z Montevideo w 1954 r.\u2013\u00a0zbratania ludzi o ca\u0142kowicie odmiennych kulturach w\u00a0globalnej ideowej ojczy\u017anie: ESPERANCJI<\/p>\n<p>=================================================================<\/p>\n<p>Sobota 13.12.2014<\/p>\n<p>godz.10 \u2013 13 spotkanie pod budynkiem MOK i spacer po mie\u015bcie Nowy S\u0105cz,\u00a0ze zwiedzaniem Muzeum Okr\u0119gowego &#8211; mo\u017cliwo\u015b\u0107 wyjazdu do\u00a0Starego S\u0105cza (zapisy zainteresowanych os\u00f3b, aby zam\u00f3wi\u0107 bus)<\/p>\n<p>godz. 13 &#8211; 15\u00a0 przerwa na obiad<\/p>\n<p>godz. 15 &#8211; 17\u00a0 ci\u0105g dalszy\u00a0 posiedzenia grupy roboczej\u00a0 do realizacji zada\u0144\u00a0po zatwierdzeniu wniosku do NID\u00a0 &#8211; i organizacyjne, wsp\u00f3\u0142praca\u00a0projektowa, wsp\u00f3lne wydawnictwa i imprezy mi\u0119dzynarodowe. Zaanga\u017cowanie wszystkich do projektu\u00a0 e-WRO2016: organizacji\u00a0 <u>Tygodnia\u00a0<\/u><u>\u00a0Kultury Esperanckiej\u00a0<\/u> w ramach ca\u0142orocznego wydarzenia:<\/p>\n<p>\u201eWROC\u0141AW\u00a0 &#8211; STOLICA\u00a0 KULTURY\u00a0 EUROPEJSKIEJ\u201d, kt\u00f3ry\u00a0obejmowa\u0142by:<\/p>\n<p>1.Og\u00f3lnopolski Kongres Esperantyst\u00f3w +\u00a0 IJK (czy PEJ zechce?)<\/p>\n<p>2.Mi\u0119dzynarodowy Festiwal Kulturalno-J\u0119zykowy,<\/p>\n<p>3.Spektakle teatralne i muzyczne<\/p>\n<p>4.Konferencja\/Sympozjum na temat tworzenia platformy Eo-V4<\/p>\n<p>5.Seminarium AMO (trening aktywist\u00f3w)<\/p>\n<p>6.SENIORALIA z happeningiem w Rynku: Jeszcze w zielone gramy<\/p>\n<p>godz.17-18\u00a0 Spektakl poetycko-muzyczny \u201eJeszcze w zielone gramy\u201d w\u00a0wykonaniu zespo\u0142u amatorskiego CEM \u201eWSPOMNIENIA\u201d<\/p>\n<p>godz.18- 20\u00a0 Wiecz\u00f3r po\u017cegnalny ze wsp\u00f3lnym \u015bpiewaniem (poprowadzi Ala<\/p>\n<p>Skalska i Staszek Mandrak).<\/p>\n<p style=\"text-align: center;\"><a href=\"http:\/\/www.cem.info.pl\/?page_id=1157\">FOTOGALERIA<\/a><\/p>\n<p>&nbsp;<\/p>","protected":false},"excerpt":{"rendered":"<p>\u00a0 \u00a0 \u00a0 \u00a0 \u00a0Zaproszenia na obchody \u00a0&#8222;Dni Zamenhofa&#8221;: \u00a0\u00a0Zaproszenie 1\u00a0.pdf, \u00a0Zaproszenie 2\u00a0.pdf,\u00a0Zaproszenie 3.pdf Program\u00a0 obchod\u00f3w\u00a0 &#8222;Dni Zamenhofa&#8221;:\u00a0Program Dni Zamenfofa.\u00a0pdf, \u00a0\u00a0plakat,pdf DNI\u00a0 ZAMENHOFA w Nowym S\u0105czu 11-13.XII.2014 z\u00a0 okazji 1859r.\u00a0\u00a0\u00a0 155-a rocznica\u00a0 Urodzin Ludwika L. Zamenhofa 1954r.\u00a0\u00a0\u00a0\u00a0 60-lecie Rezolucji UNESCO w Montevideo popieraj\u0105cej ESPERANTO 2012r.\u00a0\u00a0\u00a0\u00a0 Powstanie Parlamentarnego Zespo\u0142u Wspierania Esperanta w\u00a0 RP 2014r.\u00a0\u00a0\u00a0\u00a0 Esperanto na [&hellip;]<\/p>\n","protected":false},"author":3,"featured_media":0,"comment_status":"open","ping_status":"open","sticky":false,"template":"","format":"standard","meta":{"ngg_post_thumbnail":0,"footnotes":""},"categories":[1],"tags":[],"class_list":["post-293","post","type-post","status-publish","format-standard","hentry","category-bez-kategorii"],"_links":{"self":[{"href":"https:\/\/cem.info.pl\/index.php?rest_route=\/wp\/v2\/posts\/293","targetHints":{"allow":["GET"]}}],"collection":[{"href":"https:\/\/cem.info.pl\/index.php?rest_route=\/wp\/v2\/posts"}],"about":[{"href":"https:\/\/cem.info.pl\/index.php?rest_route=\/wp\/v2\/types\/post"}],"author":[{"embeddable":true,"href":"https:\/\/cem.info.pl\/index.php?rest_route=\/wp\/v2\/users\/3"}],"replies":[{"embeddable":true,"href":"https:\/\/cem.info.pl\/index.php?rest_route=%2Fwp%2Fv2%2Fcomments&post=293"}],"version-history":[{"count":13,"href":"https:\/\/cem.info.pl\/index.php?rest_route=\/wp\/v2\/posts\/293\/revisions"}],"predecessor-version":[{"id":1172,"href":"https:\/\/cem.info.pl\/index.php?rest_route=\/wp\/v2\/posts\/293\/revisions\/1172"}],"wp:attachment":[{"href":"https:\/\/cem.info.pl\/index.php?rest_route=%2Fwp%2Fv2%2Fmedia&parent=293"}],"wp:term":[{"taxonomy":"category","embeddable":true,"href":"https:\/\/cem.info.pl\/index.php?rest_route=%2Fwp%2Fv2%2Fcategories&post=293"},{"taxonomy":"post_tag","embeddable":true,"href":"https:\/\/cem.info.pl\/index.php?rest_route=%2Fwp%2Fv2%2Ftags&post=293"}],"curies":[{"name":"wp","href":"https:\/\/api.w.org\/{rel}","templated":true}]}}