{"id":2920,"date":"2023-08-09T21:02:08","date_gmt":"2023-08-09T19:02:08","guid":{"rendered":"https:\/\/cem.info.pl\/?p=2920"},"modified":"2023-10-27T12:09:31","modified_gmt":"2023-10-27T10:09:31","slug":"nasze-wakacje","status":"publish","type":"post","link":"https:\/\/cem.info.pl\/?p=2920","title":{"rendered":"Nasze wakacje"},"content":{"rendered":"<p>&nbsp;&nbsp;&nbsp; Zaj\u0119cia&nbsp; edukacyjne zako\u0144czyli\u015bmy&nbsp; w czerwcu. Nie oznacza to, \u017ce&nbsp; dzia\u0142alno\u015b\u0107 CEM zosta\u0142a zawieszona na okres wakacji. W lipcu mia\u0142y&nbsp; miejsce wa\u017cne wydarzenia&nbsp; dla organizacji i \u015brodowiska esperanckiego.&nbsp;<\/p>\n<p>&nbsp;&nbsp;&nbsp; Dla nas wa\u017cnym wydarzeniem by\u0142o spotkanie&nbsp; z okazji 80\u2013tych urodzin Joli Kieres \u2013 naszej nauczycielki j\u0119zyka esperanto. Jola jest wielk\u0105 propagatork\u0105 j\u0119zyka esperanto, pe\u0142ni od kilkudziesi\u0119ciu ju\u017c lat funkcj\u0119 prezesa Klubu Esperantyst\u00f3w przy Miejskim O\u015brodku Kultury, by\u0142a te\u017c jedn\u0105 z za\u0142o\u017cycielek Stowarzyszenia i jest&nbsp; wiceprezesem zarz\u0105du CEM. Prowadzi Klub Lekarza Seniora przy nowos\u0105deckiej delegaturze Okr\u0119gowej Izby Lekarskiej. Jest aktywn\u0105 studentka SUTW i z wielk\u0105 werw\u0105 wyst\u0119puje z grup\u0105 teatraln\u0105 \u201eGwiazdeczki\u201d. Podr\u00f3\u017cuje po \u015bwiecie.<\/p>\n<p>&nbsp;&nbsp;&nbsp; Wszyscy podziwiamy Jej aktywno\u015b\u0107 intelektualn\u0105 i fizyczn\u0105. O Joli mo\u017cna przede wszystkim powiedzie\u0107 i napisa\u0107 \u017ce jest wspania\u0142ym Cz\u0142owiekiem,&nbsp; wspania\u0142\u0105 Kole\u017cank\u0105. Stworzy\u0142a w naszym Stowarzyszeniu niepowtarzaln\u0105&nbsp;&nbsp; esperanck\u0105 rodzin\u0119, kt\u00f3ra licznie (30 os\u00f3b!) zgromadzi\u0142a si\u0119 na jubileuszowym&nbsp; spotkaniu. By\u0142y \u017cyczenia, kwiaty, toasty , piosenki. J\u0119zyk polski przeplata\u0142 si\u0119 z j\u0119zykiem esperanto. Kilkugodzinne spotkanie&nbsp; przebieg\u0142o w bardzo radosnej i rodzinnej atmosferze.<\/p>\n<p>&nbsp;&nbsp;&nbsp; \u017byczymy&nbsp; naszej Jubilatce wielu szcz\u0119\u015bliwych lat w dobrej kondycji i z takim poczuciem humoru jak dotychczas. <strong>Jolu STO LAT !!<\/strong>&nbsp;&nbsp;&nbsp;&nbsp;&nbsp;<\/p>\n<p>&nbsp;&nbsp;&nbsp; Ponadto w lipcu odby\u0142 si\u0119 40 Polski&nbsp; Kongres Esperancki w Siedlcach. W kongresie uczestniczy\u0142a delegacja CEM w sk\u0142adzie Bo\u017cena Kocyk, Jolanta Kieres i Marian Kocyk.&nbsp;<\/p>\n<p>&nbsp;&nbsp;&nbsp; W Turynie we W\u0142oszech 29 lipca rozpocz\u0105\u0142 si\u0119 108 \u015awiatowy Kongres Esperanta, kt\u00f3ry potrwa do 5 sierpnia. Na kongres pojecha\u0142a 16 osobowa grupa cz\u0142onk\u00f3w&nbsp; CEM.<\/p>\n<p><a href=\"https:\/\/cem.info.pl\/wp-content\/uploads\/2023\/08\/jubjo1.jpg\" rel=\"lightbox[2920]\"><img loading=\"lazy\" decoding=\"async\" class=\"alignnone wp-image-2922 size-thumbnail\" src=\"https:\/\/cem.info.pl\/wp-content\/uploads\/2023\/08\/jubjo1-150x150.jpg\" alt=\"\" width=\"150\" height=\"150\"><\/a><a href=\"https:\/\/cem.info.pl\/wp-content\/uploads\/2023\/08\/jubjo2.jpg\" rel=\"lightbox[2920]\"><img loading=\"lazy\" decoding=\"async\" class=\"alignnone wp-image-2923 size-thumbnail\" src=\"https:\/\/cem.info.pl\/wp-content\/uploads\/2023\/08\/jubjo2-150x150.jpg\" alt=\"\" width=\"150\" height=\"150\"><\/a><a href=\"https:\/\/cem.info.pl\/wp-content\/uploads\/2023\/08\/jubjo3.jpg\" rel=\"lightbox[2920]\"><img loading=\"lazy\" decoding=\"async\" class=\"alignnone wp-image-2924 size-thumbnail\" src=\"https:\/\/cem.info.pl\/wp-content\/uploads\/2023\/08\/jubjo3-150x150.jpg\" alt=\"\" width=\"150\" height=\"150\"><\/a><a href=\"https:\/\/cem.info.pl\/wp-content\/uploads\/2023\/08\/jubjo4.jpg\" rel=\"lightbox[2920]\"><img loading=\"lazy\" decoding=\"async\" class=\"alignnone wp-image-2925 size-thumbnail\" src=\"https:\/\/cem.info.pl\/wp-content\/uploads\/2023\/08\/jubjo4-150x150.jpg\" alt=\"\" width=\"150\" height=\"150\"><\/a><a href=\"https:\/\/cem.info.pl\/wp-content\/uploads\/2023\/08\/jubjo5.jpg\" rel=\"lightbox[2920]\"><img loading=\"lazy\" decoding=\"async\" class=\"alignnone wp-image-2926 size-thumbnail\" src=\"https:\/\/cem.info.pl\/wp-content\/uploads\/2023\/08\/jubjo5-150x150.jpg\" alt=\"\" width=\"150\" height=\"150\"><\/a><a href=\"https:\/\/cem.info.pl\/wp-content\/uploads\/2023\/08\/jubjo6.jpg\" rel=\"lightbox[2920]\"><img loading=\"lazy\" decoding=\"async\" class=\"alignnone wp-image-2927 size-thumbnail\" src=\"https:\/\/cem.info.pl\/wp-content\/uploads\/2023\/08\/jubjo6-150x150.jpg\" alt=\"\" width=\"150\" height=\"150\"><\/a><a href=\"https:\/\/cem.info.pl\/wp-content\/uploads\/2023\/08\/jubjo7.jpg\" rel=\"lightbox[2920]\"><img loading=\"lazy\" decoding=\"async\" class=\"alignnone wp-image-2928 size-thumbnail\" src=\"https:\/\/cem.info.pl\/wp-content\/uploads\/2023\/08\/jubjo7-150x150.jpg\" alt=\"\" width=\"150\" height=\"150\"><\/a><a href=\"https:\/\/cem.info.pl\/wp-content\/uploads\/2023\/08\/jubjo8.jpg\" rel=\"lightbox[2920]\"><img loading=\"lazy\" decoding=\"async\" class=\"alignnone wp-image-2929 size-thumbnail\" src=\"https:\/\/cem.info.pl\/wp-content\/uploads\/2023\/08\/jubjo8-150x150.jpg\" alt=\"\" width=\"150\" height=\"150\"><\/a><\/p>\n<p><\/p>","protected":false},"excerpt":{"rendered":"<p>&nbsp;&nbsp;&nbsp; Zaj\u0119cia&nbsp; edukacyjne zako\u0144czyli\u015bmy&nbsp; w czerwcu. Nie oznacza to, \u017ce&nbsp; dzia\u0142alno\u015b\u0107 CEM zosta\u0142a zawieszona na okres wakacji. W lipcu mia\u0142y&nbsp; miejsce wa\u017cne wydarzenia&nbsp; dla organizacji i \u015brodowiska esperanckiego.&nbsp; &nbsp;&nbsp;&nbsp; Dla nas wa\u017cnym wydarzeniem by\u0142o spotkanie&nbsp; z okazji 80\u2013tych urodzin Joli Kieres \u2013 naszej nauczycielki j\u0119zyka esperanto. Jola jest wielk\u0105 propagatork\u0105 j\u0119zyka esperanto, pe\u0142ni od kilkudziesi\u0119ciu [&hellip;]<\/p>\n","protected":false},"author":4,"featured_media":0,"comment_status":"open","ping_status":"open","sticky":false,"template":"","format":"standard","meta":{"ngg_post_thumbnail":0,"footnotes":""},"categories":[1],"tags":[],"class_list":["post-2920","post","type-post","status-publish","format-standard","hentry","category-bez-kategorii"],"_links":{"self":[{"href":"https:\/\/cem.info.pl\/index.php?rest_route=\/wp\/v2\/posts\/2920","targetHints":{"allow":["GET"]}}],"collection":[{"href":"https:\/\/cem.info.pl\/index.php?rest_route=\/wp\/v2\/posts"}],"about":[{"href":"https:\/\/cem.info.pl\/index.php?rest_route=\/wp\/v2\/types\/post"}],"author":[{"embeddable":true,"href":"https:\/\/cem.info.pl\/index.php?rest_route=\/wp\/v2\/users\/4"}],"replies":[{"embeddable":true,"href":"https:\/\/cem.info.pl\/index.php?rest_route=%2Fwp%2Fv2%2Fcomments&post=2920"}],"version-history":[{"count":9,"href":"https:\/\/cem.info.pl\/index.php?rest_route=\/wp\/v2\/posts\/2920\/revisions"}],"predecessor-version":[{"id":2993,"href":"https:\/\/cem.info.pl\/index.php?rest_route=\/wp\/v2\/posts\/2920\/revisions\/2993"}],"wp:attachment":[{"href":"https:\/\/cem.info.pl\/index.php?rest_route=%2Fwp%2Fv2%2Fmedia&parent=2920"}],"wp:term":[{"taxonomy":"category","embeddable":true,"href":"https:\/\/cem.info.pl\/index.php?rest_route=%2Fwp%2Fv2%2Fcategories&post=2920"},{"taxonomy":"post_tag","embeddable":true,"href":"https:\/\/cem.info.pl\/index.php?rest_route=%2Fwp%2Fv2%2Ftags&post=2920"}],"curies":[{"name":"wp","href":"https:\/\/api.w.org\/{rel}","templated":true}]}}