{"id":288,"date":"2014-11-29T22:57:44","date_gmt":"2014-11-29T21:57:44","guid":{"rendered":"http:\/\/www.cem.info.pl\/?p=288"},"modified":"2015-12-12T15:11:40","modified_gmt":"2015-12-12T14:11:40","slug":"w-swiecie-esperanckim-epokowe-wydarzenie","status":"publish","type":"post","link":"https:\/\/cem.info.pl\/?p=288","title":{"rendered":"W \u015bwiecie esperanckim \u2013 epokowe wydarzenie"},"content":{"rendered":"<p><\/p>\n<h3 style=\"text-align: center;\">\u00a0W \u015bwiecie esperanckim \u2013 epokowe wydarzenie!<\/h3>\n<p style=\"text-align: justify;\">20 listopada 2014 zosta\u0142 uczyniony pierwszy krok w kierunku uznania Esperanta za Niematerialne Dziedzictwo Kulturowe \u015bwiata: na pocz\u0105tek \u2013 zosta\u0142o ono wpisane\u00a0 na List\u0119 Narodowego Instytutu Dziedzictwa, co otwiera nam\u00a0 drog\u0119 do podobnych dzia\u0142a\u0144 w innych pa\u0144stwach Europy i \u015bwiata!<\/p>\n<p style=\"text-align: justify;\">W ten spos\u00f3b zosta\u0142a usuni\u0119ta przeszkoda, kt\u00f3ra uniemo\u017cliwia\u0142a nam realizacj\u0119 wielu europejskich i \u00a0globalnych inicjatyw \u015brodowiska esperanckiego. Sta\u0142ym argumentem przeciwko naszym postulatom i wnioskom kierowanym do instytucji UE lub ONZ by\u0142o twierdzenie, \u017ce Esperanto jest niczyje, nie nale\u017cy do nikogo i to uniemo\u017cliwia podmiotowe traktowanie tego zjawiska. Teraz uzna\u0142a je Polska, zaraz zaczn\u0105 takie same starania pa\u0144stwa s\u0105siedzkie, zaczniemy ju\u017c od 2015 r w krajach Grupy Wyszehradzkiej a potem dalej i dalej\u2026<\/p>\n<p style=\"text-align: justify;\">Tak poka\u017cemy warto\u015b\u0107 globaln\u0105 naszego ruchu a uznanie go za godne do wpisu na List\u0119 Dziedzictwa Kulturowego \u015awiata UNESCO b\u0119dzie tylko kwesti\u0105 czasu.<\/p>\n<p style=\"text-align: justify;\">UEA (\u015awiatowy Zwi\u0105zek Esperanta) z Rotterdamu jest z UNESCO w partnerstwie \u00a0konsultacyjnym, z ONZ posiada oficjalne stosunki (ma swoich przedstawicieli w\u00a0 biurach ONZ w Nowym Jorku i Genewie), wsp\u00f3\u0142pracuje z Rad\u0105 Europy.<\/p>\n<p style=\"text-align: justify;\">R\u00f3wne 60 lat temu, w grudniu 1954, Rezolucja UNESCO z Montevideo uzna\u0142a Zamenhofa za \u201eSymbol Ludzkiego Braterstwa\u201d a Esperanto za warto\u015b\u0107 kulturow\u0105, podkre\u015blaj\u0105c jego zas\u0142ugi dla kulturalnej i intelektualnej wymiany mi\u0119dzynarodowej, s\u0142u\u017c\u0105ce zbli\u017ceniu narod\u00f3w. Podobne cechy Esperanta zosta\u0142y zaznaczone w Rezolucji UNESCO w 1985r. w Sofii. Te w\u0142a\u015bnie fakty pozwalaj\u0105 nam mie\u0107 nadziej\u0119 na uznanie Esperanta za godne umieszczenia na Li\u015bcie Niematerialnego \u015awiatowego Dziedzictwa Kulturowego w\u00a0 bliskim czasie.<\/p>\n<p style=\"text-align: justify;\">G\u0142\u00f3wnym inicjatorem krajowego sukcesu byli:\u00a0 Przewodnicz\u0105cy Parlamentarnej Grupy Wspierajacej Esperanto, prof.dr hab.in\u017c. Edmund Wittbrodt \u00a0oraz za\u0142o\u017cyciel\u00a0 Polskiej Sekcji organizacji Europa-Demokracja- Esperanto Kazimierz Krzy\u017cak, z kt\u00f3rymi\u00a0 wsp\u00f3\u0142pracuje s\u0105deckie Centrum Edukacji Mi\u0119dzykulturowej.<\/p>\n<p style=\"text-align: justify;\">A poniewa\u017c wi\u0119kszo\u015b\u0107 cz\u0142onk\u00f3w CEM stanowi\u0105 s\u0142uchacze SUTW \u2013 wi\u0119c jest to nasze wsp\u00f3lne \u015awi\u0119to, na kt\u00f3re zapraszamy\u00a0 11-13 grudnia 2014r!\u00a0 \u015awi\u0119towa\u0107 b\u0119dziemy:<\/p>\n<p style=\"text-align: justify;\">\u00a0 &#8211;\u00a0 155 lat od urodzin Ludwika Zamenhofa<\/p>\n<p style=\"text-align: justify;\">\u00a0 &#8211;\u00a0 60-lecie Rezolucji\u00a0 UNESCO w Montevideo<\/p>\n<p style=\"text-align: justify;\">\u00a0 &#8211;\u00a0 2 lata od powstania Parlamentarnego Zespo\u0142u Wspieraj\u0105cego Esperanto<\/p>\n<p style=\"text-align: justify;\">\u00a0 &#8211;\u00a0 Wpisanie\u00a0 Esperanta na List\u0119 Niematerialnego Dziedzictwa Kulturowego NID<\/p>\n<p style=\"text-align: justify;\"><a href=\"http:\/\/www.cem.info.pl\/wp-content\/uploads\/2015\/10\/dziedzictwo.jpg\" rel=\"lightbox[288]\"><img loading=\"lazy\" decoding=\"async\" class=\"size-medium wp-image-824 aligncenter\" src=\"http:\/\/www.cem.info.pl\/wp-content\/uploads\/2015\/10\/dziedzictwo-300x225.jpg\" alt=\"dziedzictwo\" width=\"300\" height=\"225\" srcset=\"https:\/\/cem.info.pl\/wp-content\/uploads\/2015\/10\/dziedzictwo-300x225.jpg 300w, https:\/\/cem.info.pl\/wp-content\/uploads\/2015\/10\/dziedzictwo.jpg 800w\" sizes=\"auto, (max-width: 300px) 100vw, 300px\" \/><\/a><\/p>\n<p><\/p>","protected":false},"excerpt":{"rendered":"<p>\u00a0W \u015bwiecie esperanckim \u2013 epokowe wydarzenie! 20 listopada 2014 zosta\u0142 uczyniony pierwszy krok w kierunku uznania Esperanta za Niematerialne Dziedzictwo Kulturowe \u015bwiata: na pocz\u0105tek \u2013 zosta\u0142o ono wpisane\u00a0 na List\u0119 Narodowego Instytutu Dziedzictwa, co otwiera nam\u00a0 drog\u0119 do podobnych dzia\u0142a\u0144 w innych pa\u0144stwach Europy i \u015bwiata! W ten spos\u00f3b zosta\u0142a usuni\u0119ta przeszkoda, kt\u00f3ra uniemo\u017cliwia\u0142a nam [&hellip;]<\/p>\n","protected":false},"author":3,"featured_media":0,"comment_status":"open","ping_status":"open","sticky":false,"template":"","format":"standard","meta":{"ngg_post_thumbnail":0,"footnotes":""},"categories":[1],"tags":[],"class_list":["post-288","post","type-post","status-publish","format-standard","hentry","category-bez-kategorii"],"_links":{"self":[{"href":"https:\/\/cem.info.pl\/index.php?rest_route=\/wp\/v2\/posts\/288","targetHints":{"allow":["GET"]}}],"collection":[{"href":"https:\/\/cem.info.pl\/index.php?rest_route=\/wp\/v2\/posts"}],"about":[{"href":"https:\/\/cem.info.pl\/index.php?rest_route=\/wp\/v2\/types\/post"}],"author":[{"embeddable":true,"href":"https:\/\/cem.info.pl\/index.php?rest_route=\/wp\/v2\/users\/3"}],"replies":[{"embeddable":true,"href":"https:\/\/cem.info.pl\/index.php?rest_route=%2Fwp%2Fv2%2Fcomments&post=288"}],"version-history":[{"count":7,"href":"https:\/\/cem.info.pl\/index.php?rest_route=\/wp\/v2\/posts\/288\/revisions"}],"predecessor-version":[{"id":1357,"href":"https:\/\/cem.info.pl\/index.php?rest_route=\/wp\/v2\/posts\/288\/revisions\/1357"}],"wp:attachment":[{"href":"https:\/\/cem.info.pl\/index.php?rest_route=%2Fwp%2Fv2%2Fmedia&parent=288"}],"wp:term":[{"taxonomy":"category","embeddable":true,"href":"https:\/\/cem.info.pl\/index.php?rest_route=%2Fwp%2Fv2%2Fcategories&post=288"},{"taxonomy":"post_tag","embeddable":true,"href":"https:\/\/cem.info.pl\/index.php?rest_route=%2Fwp%2Fv2%2Ftags&post=288"}],"curies":[{"name":"wp","href":"https:\/\/api.w.org\/{rel}","templated":true}]}}