{"id":2845,"date":"2023-05-03T12:18:31","date_gmt":"2023-05-03T10:18:31","guid":{"rendered":"https:\/\/cem.info.pl\/?p=2845"},"modified":"2023-05-03T12:50:25","modified_gmt":"2023-05-03T10:50:25","slug":"spotkanie-klubowe-24-kwietnia-2023","status":"publish","type":"post","link":"https:\/\/cem.info.pl\/?p=2845","title":{"rendered":"Spotkanie klubowe 24 kwietnia 2023"},"content":{"rendered":"<p><strong>&nbsp;&nbsp;&nbsp; Kwietniowe spotkanie klubowe ju\u017c za nami \u2026<\/strong><br \/>\n&nbsp;&nbsp;&nbsp; Realizuj\u0105c plan dzia\u0142alno\u015bci naszego stowarzyszenia odbyli\u015bmy kolejne klubowe spotkanie 24 kwietnia.<br \/>\nW pierwszej cz\u0119\u015bci przez <strong>Alicj\u0119 Skalsk\u0105<\/strong> przedstawiona zosta\u0142a sylwetka wielkiego entuzjasty Esperanta Etsuo Miyoshi. Jest to bardzo ciekawy cz\u0142owiek i warto co nieco o nim si\u0119 dowiedzie\u0107. To on powiedzia\u0142 \u201e Esperanto jest to j\u0119zyk znany na \u015bwiecie jako polski wynalazek\u201d.<br \/>\n&nbsp;&nbsp;&nbsp; Miyoshi jest Japo\u0144czykiem, kt\u00f3ry obecnie ma prawie 84 lata (ur. 16 grudnia 1939 r.). Jest honorowym prezesem korporacji Swany produkuj\u0105cej r\u0119kawiczki, walizki a od 2012 roku w\u00f3zki inwalidzkie. Jest on tw\u00f3rc\u0105 &#8211; bardzo dzi\u015b rozpowszechnionej w u\u017cyciu &#8211; walizki z k\u00f3\u0142kami i d\u0142ugim sztywnym uchwytem (walkin&#8217;&nbsp; bag). Wynalazek ten zrodzi\u0142 si\u0119 z jego osobistej potrzeby, bowiem po przebytej w dzieci\u0144stwie chorobie Heinego-Medina jest osob\u0105 maj\u0105c\u0105 trudno\u015bci w poruszaniu si\u0119. Korzysta z w\u00f3zka inwalidzkiego.<br \/>\n&nbsp;&nbsp;&nbsp; Zacz\u0105\u0142 uczy\u0107 si\u0119 Esperanta w 1995 r. Uzna\u0142, \u017ce Esperanto pozwoli na porozumiewanie si\u0119 mi\u0119dzy lud\u017ami r\u00f3\u017cnych narodowo\u015bci. By\u0142o to wynikiem jego w\u0142asnych , trudnych do\u015bwiadcze\u0144 z nauk\u0105 j\u0119zyk\u00f3w obcych. Postanowi\u0142 wspiera\u0107 finansowo ruch esperancki poprzez utworzenie fundacji \u201e\u0141ab\u0119d\u017a\u201d.<br \/>\n&nbsp;&nbsp; Celem fundacji jest premiowanie informacyjnej dzia\u0142alno\u015bci na temat Esperanta w Unii Europejskiej. Przeznacza co roku 5 tys. euro tym, kt\u00f3rzy upowszechniaj\u0105 Esperanto jako j\u0119zyk uniwersalny, kt\u00f3rym ludzko\u015b\u0107 powinna si\u0119 pos\u0142ugiwa\u0107. Finansuje on ca\u0142ostronicowe og\u0142oszenia w r\u00f3\u017cnych czasopismach w krajach UE propaguj\u0105c j\u0119zyk i idee esperanta. Sw\u00f3j maj\u0105tek przeznaczy\u0142 na propagowanie Esperanta i obowi\u0105zek ten przej\u0119li jego zi\u0119ciowie. Jest cz\u0142onkiem wielu organizacji esperanckich.<br \/>\nW lutym b.r., w polskich gazetach \u201eRzeczpospolita\u201d i \u201eWyborcza\u201d ukaza\u0142y si\u0119 wielkie reklamy&nbsp; Esperanta op\u0142acone przez Etsuo Miyoshi. Na stronie reklamy jest zdj\u0119cie z 2016 r., na kt\u00f3rym widniej\u0105 m\u0142ode esperantystki z zespo\u0142u E-FAMILIO z naszego CEM uczestnicz\u0105ce wtedy w \u015awiatowym Kongresie w Nitrze na S\u0142owacji.&nbsp;&nbsp;&nbsp;<br \/>\n&nbsp;&nbsp;&nbsp; Japo\u0144czyk podr\u00f3\u017cuj\u0105c po \u015bwiecie i spotykaj\u0105c si\u0119 z mieszka\u0144cami i politykami zach\u0119ca do nauki Esperanta. Etsuo Miyoshi wielokrotnie odwiedza\u0142 Polsk\u0119 &#8211; jako ojczyzn\u0119 Esperanta i jego tw\u00f3rcy Ludwika Zamenhofa \u2013 bywa\u0142 go\u015bciem Forum Ekonomicznego w Krynicy, bywa\u0142 w Bia\u0142ymstoku, odbywa\u0142 spotkania na wy\u017cszych uczelniach, bra\u0142 udzia\u0142 w spotkaniach polskiego Senatu. Zosta\u0142 odznaczony Krzy\u017cem Kawalerskim Orderu Zas\u0142ugi RP oraz Medalem Senatu. Ciekawostk\u0105 jest fakt, \u017ce Etsuo Miyoshi jest aktywnym \u201e Czcigodnym cz\u0142onkiem\u201d religii Oomoto. Ponadto jako osoba zainteresowana lalkarstwem organizuje coroczne wystawy lalek. Na wystawach tych prezentowane s\u0105 lalki z r\u00f3\u017cnych region\u00f3w \u015bwiata w strojach folklorystycznych. Kolekcja liczy ok. 1500 lalek i zosta\u0142a zebrana dzi\u0119ki kontaktom z esperantystami z ca\u0142ego \u015bwiata.<br \/>\n<a href=\"https:\/\/cem.info.pl\/wp-content\/uploads\/2023\/05\/al1.jpg\" rel=\"lightbox[2845]\"><img loading=\"lazy\" decoding=\"async\" class=\"alignnone wp-image-2847 size-thumbnail\" src=\"https:\/\/cem.info.pl\/wp-content\/uploads\/2023\/05\/al1-150x150.jpg\" alt=\"\" width=\"150\" height=\"150\"><\/a><a href=\"https:\/\/cem.info.pl\/wp-content\/uploads\/2023\/05\/al2.jpg\" rel=\"lightbox[2845]\"><img loading=\"lazy\" decoding=\"async\" class=\"alignnone wp-image-2848 size-thumbnail\" src=\"https:\/\/cem.info.pl\/wp-content\/uploads\/2023\/05\/al2-150x150.jpg\" alt=\"\" width=\"150\" height=\"150\"><\/a><a href=\"https:\/\/cem.info.pl\/wp-content\/uploads\/2023\/05\/al3.png\" rel=\"lightbox[2845]\"><img loading=\"lazy\" decoding=\"async\" class=\"alignnone wp-image-2849 size-thumbnail\" src=\"https:\/\/cem.info.pl\/wp-content\/uploads\/2023\/05\/al3-150x150.png\" alt=\"\" width=\"150\" height=\"150\"><\/a><a href=\"https:\/\/cem.info.pl\/wp-content\/uploads\/2023\/05\/al0.jpg\" rel=\"lightbox[2845]\"><img loading=\"lazy\" decoding=\"async\" class=\"alignnone wp-image-2846 size-thumbnail\" src=\"https:\/\/cem.info.pl\/wp-content\/uploads\/2023\/05\/al0-150x150.jpg\" alt=\"\" width=\"150\" height=\"150\"><\/a><br \/>\n&nbsp;&nbsp;&nbsp;<\/p>\n<p>&nbsp;&nbsp;&nbsp; Wspomnienia ze swojej \u201epodr\u00f3\u017cy \u017cycia\u201d zaprezentowa\u0142a <strong>Maria Baran<\/strong>. By\u0142a to podr\u00f3\u017c do Australii, kt\u00f3r\u0105 odby\u0142a w 2007 roku po przej\u015bciu na emerytur\u0119.<br \/>\n&nbsp;&nbsp;&nbsp; Najpierw by\u0142 to lot do Sydney z przesiadk\u0105 w Londynie (Polska nie mia\u0142a i nie ma bezpo\u015brednich po\u0142\u0105cze\u0144 z Australi\u0105) z przystankiem w Singapurze. \u0141\u0105cznie ok. 25 godzin lotu. Wyprawa ta mia\u0142a trzy etapy &#8211; pobyt w Sydney, wycieczka po niewielkim odcinku zachodniej Australii oraz tygodniowa wizyta na po\u0142udniowej wyspie Nowej Zelandii.<br \/>\nNa tym spotkaniu Maria opowiedzia\u0142a i zilustrowa\u0142a fotografiami (ze swojego prywatnego archiwum) Sydney, G\u00f3ry B\u0142\u0119kitne oraz Canberr\u0119 &#8211; stolic\u0119 Australii. Australia jest krajem bardzo urozmaiconym i ciekawym pod wieloma wzgl\u0119dami. Charakteryzuje go urozmaicona przyroda, wielokulturowo\u015b\u0107 mieszka\u0144c\u00f3w, mieszanka wyzna\u0144 religijnych, wysoki poziom \u017cycia. Liczy ok. 25 mln mieszka\u0144c\u00f3w, z kt\u00f3rych 70 % mieszka w 5 najwi\u0119kszych miastach. W\u015br\u00f3d ludno\u015bci kraju jest tylko ok. 500 tys. Aborygen\u00f3w, rdzennych mieszka\u0144c\u00f3w tej ziemi, kt\u00f3rzy \u201ebyli tu od pocz\u0105tku\u201d przed przybyciem Europejczyk\u00f3w.<br \/>\n&nbsp;&nbsp;&nbsp; Sydney to obecnie drugie co do wielko\u015bci pod wzgl\u0119dem liczby mieszka\u0144c\u00f3w (5,4 mln) miasto Australii. Miasto jest przepi\u0119knie po\u0142o\u017cone , z wieloma parkami, z bogato rze\u017abionym wybrze\u017cem i wieloma atrakcjami do zwiedzania. Najbardziej znane miejsca i obiekty to \u201eOpera House\u201d, Harbour Bridge , wiele budynk\u00f3w z XIX wieku m.in. budynek kr\u00f3lowej Wiktorii, ratusz miejski, Archikatedra p.w. Naj\u015bwi\u0119tszej Maryi Panny. Sydney jest miastem zieleni, znajduj\u0105 si\u0119 w nim pi\u0119kne parki, w tym kr\u00f3lewski ogr\u00f3d botaniczny (za\u0142o\u017cony w 1816 r.). Wiele pla\u017c, w tym najbardziej znana Bondi Beach pozwala na doskona\u0142y wypoczynek i k\u0105piele w oceanie. Z liczb\u0105 ponad 5 tys. gatunk\u00f3w zwierz\u0105t ogr\u00f3d zoologiczny TARONGA jest usytuowany na wzg\u00f3rzach, z kt\u00f3rych s\u0105 przepi\u0119kne widoki na miasto. Zwierz\u0119ta maj\u0105 tam warunki zbli\u017cone do naturalnych \u015brodowisk ich bytowania. Obowi\u0105zkowe jest odwiedzenie stadionu olimpijskiego. Odby\u0142a si\u0119 tam letnia olimpiada w 2000 r. W odleg\u0142o\u015bci 100 km od Sydney s\u0105 G\u00f3ry B\u0142\u0119kitne z bardzo r\u00f3\u017cnorodnym ukszta\u0142towaniem terenu i przebogat\u0105 ro\u015blinno\u015bci\u0105 . Nazw\u0119 zawdzi\u0119czaj\u0105 eukaliptusom, kt\u00f3re wydzielaj\u0105 olejki eteryczne. Daje to efekt niebieskiej po\u015bwiaty nad szczytami g\u00f3r. Na terenie G\u00f3r jest Park Narodowy wpisany na list\u0119 UNESCO. Jest tam 140 km szlak\u00f3w turystycznych.&nbsp;&nbsp;&nbsp;<br \/>\n&nbsp;&nbsp;&nbsp; Ju\u017c w pa\u017adzierniku Sydney by\u0142o przygotowywane na \u015awi\u0119ta Bo\u017cego Narodzenia. Udekorowane by\u0142y ulice, budynki, parki witryny sklepowe elementami zwi\u0105zanymi z tymi \u015bwi\u0119tami. Sydney jakie pozna\u0142a Maria by\u0142o w\u00f3wczas miastem z bardzo dobrymi warunkami bytowania, bogat\u0105 ofert\u0119 rekreacyjn\u0105, sportow\u0105 i kulturaln\u0105.<\/p>\n<p><a href=\"https:\/\/cem.info.pl\/wp-content\/uploads\/2023\/05\/marysia01.jpg\" rel=\"lightbox[2845]\"><img loading=\"lazy\" decoding=\"async\" class=\"alignnone wp-image-2851 size-thumbnail\" src=\"https:\/\/cem.info.pl\/wp-content\/uploads\/2023\/05\/marysia01-150x150.jpg\" alt=\"\" width=\"150\" height=\"150\"><\/a><a href=\"https:\/\/cem.info.pl\/wp-content\/uploads\/2023\/05\/marysia10.jpg\" rel=\"lightbox[2845]\"><img loading=\"lazy\" decoding=\"async\" class=\"alignnone wp-image-2853 size-thumbnail\" src=\"https:\/\/cem.info.pl\/wp-content\/uploads\/2023\/05\/marysia10-150x150.jpg\" alt=\"\" width=\"150\" height=\"150\"><\/a><a href=\"https:\/\/cem.info.pl\/wp-content\/uploads\/2023\/05\/marysia07.jpg\" rel=\"lightbox[2845]\"><img loading=\"lazy\" decoding=\"async\" class=\"alignnone wp-image-2852 size-thumbnail\" src=\"https:\/\/cem.info.pl\/wp-content\/uploads\/2023\/05\/marysia07-150x150.jpg\" alt=\"\" width=\"150\" height=\"150\"><\/a><a href=\"https:\/\/cem.info.pl\/wp-content\/uploads\/2023\/05\/marysia12.jpg\" rel=\"lightbox[2845]\"><img loading=\"lazy\" decoding=\"async\" class=\"alignnone wp-image-2854 size-thumbnail\" src=\"https:\/\/cem.info.pl\/wp-content\/uploads\/2023\/05\/marysia12-150x150.jpg\" alt=\"\" width=\"150\" height=\"150\"><\/a><\/p>\n<p><a href=\"https:\/\/cem.info.pl\/?page_id=2870\" target=\"_blank\" rel=\"noopener\">\u2192 GALERIA<\/a><\/p>","protected":false},"excerpt":{"rendered":"<p>&nbsp;&nbsp;&nbsp; Kwietniowe spotkanie klubowe ju\u017c za nami \u2026 &nbsp;&nbsp;&nbsp; Realizuj\u0105c plan dzia\u0142alno\u015bci naszego stowarzyszenia odbyli\u015bmy kolejne klubowe spotkanie 24 kwietnia. W pierwszej cz\u0119\u015bci przez Alicj\u0119 Skalsk\u0105 przedstawiona zosta\u0142a sylwetka wielkiego entuzjasty Esperanta Etsuo Miyoshi. Jest to bardzo ciekawy cz\u0142owiek i warto co nieco o nim si\u0119 dowiedzie\u0107. To on powiedzia\u0142 \u201e Esperanto jest to j\u0119zyk [&hellip;]<\/p>\n","protected":false},"author":4,"featured_media":0,"comment_status":"open","ping_status":"open","sticky":false,"template":"","format":"standard","meta":{"ngg_post_thumbnail":0,"footnotes":""},"categories":[1],"tags":[],"class_list":["post-2845","post","type-post","status-publish","format-standard","hentry","category-bez-kategorii"],"_links":{"self":[{"href":"https:\/\/cem.info.pl\/index.php?rest_route=\/wp\/v2\/posts\/2845","targetHints":{"allow":["GET"]}}],"collection":[{"href":"https:\/\/cem.info.pl\/index.php?rest_route=\/wp\/v2\/posts"}],"about":[{"href":"https:\/\/cem.info.pl\/index.php?rest_route=\/wp\/v2\/types\/post"}],"author":[{"embeddable":true,"href":"https:\/\/cem.info.pl\/index.php?rest_route=\/wp\/v2\/users\/4"}],"replies":[{"embeddable":true,"href":"https:\/\/cem.info.pl\/index.php?rest_route=%2Fwp%2Fv2%2Fcomments&post=2845"}],"version-history":[{"count":5,"href":"https:\/\/cem.info.pl\/index.php?rest_route=\/wp\/v2\/posts\/2845\/revisions"}],"predecessor-version":[{"id":2872,"href":"https:\/\/cem.info.pl\/index.php?rest_route=\/wp\/v2\/posts\/2845\/revisions\/2872"}],"wp:attachment":[{"href":"https:\/\/cem.info.pl\/index.php?rest_route=%2Fwp%2Fv2%2Fmedia&parent=2845"}],"wp:term":[{"taxonomy":"category","embeddable":true,"href":"https:\/\/cem.info.pl\/index.php?rest_route=%2Fwp%2Fv2%2Fcategories&post=2845"},{"taxonomy":"post_tag","embeddable":true,"href":"https:\/\/cem.info.pl\/index.php?rest_route=%2Fwp%2Fv2%2Ftags&post=2845"}],"curies":[{"name":"wp","href":"https:\/\/api.w.org\/{rel}","templated":true}]}}