{"id":271,"date":"2014-11-29T21:38:10","date_gmt":"2014-11-29T20:38:10","guid":{"rendered":"http:\/\/www.cem.info.pl\/?p=271"},"modified":"2015-12-12T15:05:36","modified_gmt":"2015-12-12T14:05:36","slug":"dni-zamenhofa","status":"publish","type":"post","link":"https:\/\/cem.info.pl\/?p=271","title":{"rendered":"Esperanto na  Li\u015bcie Niematerialnego Dziedzictwa Kulturowego Polski"},"content":{"rendered":"<p><\/p>\n<p style=\"text-align: justify;\">Umieszczenie mi\u0119dzynarodowego j\u0119zyka ESPERANTO na Polskiej Li\u015bcie Niematerialnego Dziedzictwa Kulturowego Polski,\u00a0 jest pi\u0119knym akcentem roku, w kt\u00f3rym mi\u0119dzynarodowa spo\u0142eczno\u015b\u0107 esperantyst\u00f3w czci\u0107 b\u0119dzie 155 rocznic\u0119 urodzin (15 grudnia) tw\u00f3rcy tego j\u0119zyka \u2013 LUDWIKA ZAMENHOFA.<\/p>\n<p style=\"text-align: justify;\">Staraniem polskich esperantyst\u00f3w i dzi\u0119ki zaanga\u017cowaniu pos\u0142\u00f3w i senator\u00f3w R.P. skupionych w Parlamentarnym Zespole Wspierania J\u0119zyka Esperanta \u2013 pod przewodnictwem Senatora prof. dr hab. in\u017c Edmunda Wittbrodta, oraz wsp\u00f3\u0142pracy z polskimi organizacjami esperanckimi jak r\u00f3wnie\u017c wybitnymi krajowymi oraz zagranicznymi osobisto\u015bciami, MI\u0118DZYNARODOWY J\u0118ZYK ESPERANTO (w dniu 31 pa\u017adziernika 2014 roku uzyska\u0142 aprobat\u0119 Polskiego Ministra Kultury i Dziedzictwa Narodowego, &#8211; prof. dr hab. Ma\u0142gorzaty Omilanowskiej\u00a0 i wpisany zosta\u0142 ba List\u0119 Niematerialnego Dziedzictwa Kulturowego Polski\u00a0 co nast\u0105pi\u0142o w dniu 31 pa\u017adziernika 2014 o czym nieoficjalnie poinformowano w dniu 20 listopada 2014 roku.<\/p>\n<p style=\"text-align: justify;\">Pozwoli to na poczynienie dalszych stara\u0144 o uznanie ESPERANTA jako dziedzictwa kulturalnego ludzko\u015bci i zg\u0142oszenie propozycji o wpisanie go na\u00a0 List\u0119 Niematerialnego Dziedzictwa Kulturalnego Ludzko\u015bci UNESCO. Szczeg\u00f3\u0142owe informacje\u00a0 &#8211; patrz strona internetowa:<\/p>\n<p style=\"text-align: center;\"><a href=\"http:\/\/esperanto.info.pl\/index.php?id=aktualnosci\">http:\/\/esperanto.info.pl\/index.php?id=aktualnosci<\/a><\/p>\n<p style=\"text-align: justify;\">Esperanto w ci\u0105gu 127 lat istnienia dowiod\u0142o swojej przydatno\u015bci w kszta\u0142towaniu przyjaznych stosunk\u00f3w mi\u0119dzy lud\u017ami r\u00f3\u017cnych nacji i mo\u017cliwo\u015bci porozumiewania. Idea: Esperanto \u2013 pierwszym j\u0119zykiem dla nikogo, drugim dla wszystkich znalaz\u0142a powszechne uznanie w szerokich kr\u0119gach kulturowych. Idea ta kwalifikuje Esperanto do roli\u00a0 j\u0119zyka pomostowego (pontolingvo)\u00a0 z jednoczesnym uznaniem wa\u017cno\u015bci (wy\u017cszo\u015bci) ka\u017cdego j\u0119zyka ojczystego (narodowego). Esperanto podczas 127 lat swego rozwoju posiad\u0142o wszystkie atrybuty j\u0119zyka naturalnego pozwalaj\u0105ce na wyra\u017canie w nim my\u015bli i uczu\u0107 oraz wykorzystanie go we wszystkich dziedzinach ludzkiej dzia\u0142alno\u015bci Po\u0142\u0105czenie logiki z prostymi zasadami gramatycznymi decyduje o stosunkowo szybkiej mo\u017cliwo\u015bci jego opanowania i przekonuje ucz\u0105cego si\u0119 o pozytywnych efektach w\u0142o\u017conego wysi\u0142ku..\u00a0 Liczne badania dowiod\u0142y, \u017ce opanowanie j\u0119zyka esperanto jako pierwszego j\u0119zyka obcego u\u0142atwia w znacznym stopniu opanowanie kolejnych j\u0119zyk\u00f3w obcych. Ma to niebagatelne znaczenie w kszta\u0142towaniu nowych, opartych na zasadach partnerstwa relacjach mi\u0119dzy narodami jednocz\u0105cej si\u0119 Europy. Nasze pokolenie ponosi odpowiedzialno\u015b\u0107 nie tylko za siebie, lecz r\u00f3wnie\u017c za przysz\u0142e pokolenia. Trudnym do wyobra\u017cenia by\u0142by przysz\u0142y \u015bwiat, w kt\u00f3rym tylko elity polityczno-intelektualne b\u0119d\u0105 mog\u0142y komunikowa\u0107 si\u0119 w jednym z j\u0119zyk\u00f3w etnicznych a zr\u00f3\u017cnicowane kultury \u015bwiata b\u0119d\u0105 systematycznie eliminowane i zostan\u0105 zdominowane przez kultur\u0119 tego j\u0119zyka. Dowodami \u015bwiadcz\u0105cymi o \u017cywotno\u015bci i przydatno\u015bci esperanta s\u0105\u00a0 m.in: Po 127 latach swego istnienia esperanto znajduje si\u0119 obecnie w\u015br\u00f3d 100 najbardziej u\u017cywanych j\u0119zyk\u00f3w, spo\u015br\u00f3d 6.800 j\u0119zyk\u00f3w u\u017cywanych w mowie na \u015bwiecie. Jest 30. najbardziej u\u017cywanym j\u0119zykiem w Wikipedii spo\u015br\u00f3d 285 j\u0119zyk\u00f3w (11 luty 2013). Esperanto jest u\u017cywane w\u015br\u00f3d j\u0119zyk\u00f3w wybranych przez Google, Skype, Firefox, Ubuntu i Facebook. Google. Translate \u2013 (program t\u0142umaczeniowy Google), doda\u0142 ostatnio ten j\u0119zyk do swej presti\u017cowej listy 64 j\u0119zyk\u00f3w. Tak\u017ce dzisiejsze dotykowe telefony kom\u00f3rkowe s\u0105 przystosowane\u00a0 do u\u017cywania esperanta. Wi\u0119cej os\u00f3b m\u00f3wi po esperancku ni\u017c w j\u0119zyku islandzkim. (Wed\u0142ug Ksi\u0105\u017cki fakt\u00f3w \u015bwiata The Word Factbook wydanej przez ameryka\u0144sk\u0105 CIA)|. Esperanto jest oficjalnie nauczane w 150 uniwersytetach i innych plac\u00f3wkach szkolnictwa wy\u017cszego, oraz w 600 elementarnych i podstawowych szko\u0142ach w 28 krajach. Posiada bogat\u0105 literatur\u0119 sk\u0142adaj\u0105c\u0105 si\u0119 z 50.000 tytu\u0142\u00f3w, z nowymi wydawnictwami ukazuj\u0105cymi si\u0119 ka\u017cdego tygodnia. Pr\u00f3cz audycji radiowych w formie podkast\u00f3w z r\u00f3\u017cnych kraj\u00f3w (m.in. Esperanckie Polskie Radio Internetowe), istnieje 24-godzinna radiostacja o nazwie \u201eMuzaiko\u201c, a tak\u017ce telewizja internetowa w Chinach Post\u0119p esperanta by\u0142 (i jest r\u00f3wnie\u017c obecnie \u2013 przyp. A.B) hamowany z powodu uprzedze\u0144 oraz z powodu niewiedzy i ignorowania fakt\u00f3w na ten temat. Adolf Hitler i J\u00f3zef Stalin prze\u015bladowali osoby pos\u0142uguj\u0105ce si\u0119 esperantem deportuj\u0105c je w pierwszej kolejno\u015bci do miejsc odosobnienia. Obaj dyktatorzy przemin\u0119li, a Esperanto pozosta\u0142o, ros\u0142o, ewoluowa\u0142o i jest obecnie u\u017cywane w komunikacji mi\u0119dzynarodowej, przez setki tysi\u0119cy os\u00f3b w ponad 100 krajach \u015bwiata. Powszechny Zwi\u0105zek Esperantyst\u00f3w jest w konsultacyjnym partnerstwie z UNESCO, posiada oficjalne stosunki z Organizacj\u0105 Narod\u00f3w\u00a0 Zjednoczonych jak r\u00f3wnie\u017c\u00a0 z Rad\u0105 Europy. W komunikacji internetowej Esperanto umo\u017cliwia neutralny i sprawiedliwy poziom dyskusji i porozumiewania, popieraj\u0105c w ten spos\u00f3b prawo do egzystencji j\u0119zyk\u00f3w mniejszo\u015bci narodowych i j\u0119zyk\u00f3w etnicznych, traktuj\u0105c wszystkie j\u0119zyki na zasadzie partnerstwa oraz respektuj\u0105c kulturaln\u0105 i j\u0119zykow\u0105 r\u00f3\u017cnorodno\u015b\u0107. W 2015 roku odb\u0119dzie si\u0119 100 \u015awiatowy Kongres Esperanto w Lille (Francja) Z wykorzystaniem materia\u0142\u00f3w informacyjnych zamieszczonych na stronie:<\/p>\n<p style=\"text-align: center;\"><a href=\"http:\/\/uea.org\/vikio\/Unua_komuniko_en_la_pola\">http:\/\/uea.org\/vikio\/Unua_komuniko_en_la_pola<\/a><\/p>\n<p style=\"text-align: right;\">przygotowa\u0142\u00a0 Antoni Beyga<\/p>\n<p style=\"text-align: left;\">Wejd\u017a na strony:<\/p>\n<p style=\"text-align: center;\"><a href=\"http:\/\/www.tvp.pl\/bialystok\/aktualnosci\/kultura-i-sztuka\/esperanto\/17785309 \">http:\/\/www.tvp.pl\/bialystok\/aktualnosci\/kultura-i-sztuka\/esperanto\/17785309 \u00a0<\/a><\/p>\n<p style=\"text-align: center;\"><a href=\"https:\/\/pl.glosbe.com\/pl\/eo\/Lista%20%C5%9Bwiatowego%20dziedzictwa%20UNESCO \">https:\/\/pl.glosbe.com\/pl\/eo\/Lista%20%C5%9Bwiatowego%20dziedzictwa%20UNESCO\u00a0\u00a0<\/a><\/p>\n<p style=\"text-align: center;\"><a href=\"http:\/\/www.bialystokonline.pl\/esperanto-moze-trafic-na-liste-unesco,artykul,81558,8,1.html \">http:\/\/www.bialystokonline.pl\/esperanto-moze-trafic-na-liste-unesco,artykul,81558,8,1.html \u00a0<\/a><\/p>\n<p style=\"text-align: center;\">\n<p><\/p>","protected":false},"excerpt":{"rendered":"<p>Umieszczenie mi\u0119dzynarodowego j\u0119zyka ESPERANTO na Polskiej Li\u015bcie Niematerialnego Dziedzictwa Kulturowego Polski,\u00a0 jest pi\u0119knym akcentem roku, w kt\u00f3rym mi\u0119dzynarodowa spo\u0142eczno\u015b\u0107 esperantyst\u00f3w czci\u0107 b\u0119dzie 155 rocznic\u0119 urodzin (15 grudnia) tw\u00f3rcy tego j\u0119zyka \u2013 LUDWIKA ZAMENHOFA. Staraniem polskich esperantyst\u00f3w i dzi\u0119ki zaanga\u017cowaniu pos\u0142\u00f3w i senator\u00f3w R.P. skupionych w Parlamentarnym Zespole Wspierania J\u0119zyka Esperanta \u2013 pod przewodnictwem Senatora prof. [&hellip;]<\/p>\n","protected":false},"author":3,"featured_media":0,"comment_status":"open","ping_status":"open","sticky":false,"template":"","format":"standard","meta":{"ngg_post_thumbnail":0,"footnotes":""},"categories":[1],"tags":[],"class_list":["post-271","post","type-post","status-publish","format-standard","hentry","category-bez-kategorii"],"_links":{"self":[{"href":"https:\/\/cem.info.pl\/index.php?rest_route=\/wp\/v2\/posts\/271","targetHints":{"allow":["GET"]}}],"collection":[{"href":"https:\/\/cem.info.pl\/index.php?rest_route=\/wp\/v2\/posts"}],"about":[{"href":"https:\/\/cem.info.pl\/index.php?rest_route=\/wp\/v2\/types\/post"}],"author":[{"embeddable":true,"href":"https:\/\/cem.info.pl\/index.php?rest_route=\/wp\/v2\/users\/3"}],"replies":[{"embeddable":true,"href":"https:\/\/cem.info.pl\/index.php?rest_route=%2Fwp%2Fv2%2Fcomments&post=271"}],"version-history":[{"count":15,"href":"https:\/\/cem.info.pl\/index.php?rest_route=\/wp\/v2\/posts\/271\/revisions"}],"predecessor-version":[{"id":1356,"href":"https:\/\/cem.info.pl\/index.php?rest_route=\/wp\/v2\/posts\/271\/revisions\/1356"}],"wp:attachment":[{"href":"https:\/\/cem.info.pl\/index.php?rest_route=%2Fwp%2Fv2%2Fmedia&parent=271"}],"wp:term":[{"taxonomy":"category","embeddable":true,"href":"https:\/\/cem.info.pl\/index.php?rest_route=%2Fwp%2Fv2%2Fcategories&post=271"},{"taxonomy":"post_tag","embeddable":true,"href":"https:\/\/cem.info.pl\/index.php?rest_route=%2Fwp%2Fv2%2Ftags&post=271"}],"curies":[{"name":"wp","href":"https:\/\/api.w.org\/{rel}","templated":true}]}}