{"id":2701,"date":"2023-04-18T19:27:37","date_gmt":"2023-04-18T17:27:37","guid":{"rendered":"https:\/\/cem.info.pl\/?p=2701"},"modified":"2023-04-19T19:20:55","modified_gmt":"2023-04-19T17:20:55","slug":"wycieczka-do-wroclawia","status":"publish","type":"post","link":"https:\/\/cem.info.pl\/?p=2701","title":{"rendered":"Wycieczka  do WROC\u0141AWIA"},"content":{"rendered":"<p><a href=\"https:\/\/cem.info.pl\/wp-content\/uploads\/2023\/04\/wr.razem2_.jpg\" rel=\"lightbox[2701]\"><img loading=\"lazy\" decoding=\"async\" class=\"wp-image-2841 size-full aligncenter\" src=\"https:\/\/cem.info.pl\/wp-content\/uploads\/2023\/04\/wr.razem2_.jpg\" alt=\"\" width=\"801\" height=\"460\" srcset=\"https:\/\/cem.info.pl\/wp-content\/uploads\/2023\/04\/wr.razem2_.jpg 801w, https:\/\/cem.info.pl\/wp-content\/uploads\/2023\/04\/wr.razem2_-300x172.jpg 300w, https:\/\/cem.info.pl\/wp-content\/uploads\/2023\/04\/wr.razem2_-768x441.jpg 768w\" sizes=\"auto, (max-width: 801px) 100vw, 801px\" \/><\/a><\/p>\n<p>&nbsp;&nbsp;&nbsp; W ostatnich dniach (29-31) marca br. 25 esperantyst\u00f3w z Centrum Edukacji Mi\u0119dzykulturowej odby\u0142o wycieczk\u0119 do Wroc\u0142awia. Celem wyjazdu by\u0142o zwiedzenie tego pi\u0119knego miasta oraz spotkanie z esperantystami zrzeszonymi w \u015al\u0105skim Zwi\u0105zku Esperanckim. <strong>Zwiedzili\u015bmy<\/strong>:<\/p>\n<p>&nbsp;&nbsp;&nbsp; Najwa\u017cniejsze atrakcje turystyczne Wroc\u0142awia \u2013 najstarsz\u0105 cz\u0119\u015b\u0107 miasta tj. Ostr\u00f3w Tumski z jego zabytkami, Rynek,&nbsp;<\/p>\n<p><a href=\"https:\/\/cem.info.pl\/?page_id=2721\" target=\"_blank\" rel=\"noopener\">\u2192 GALERIA<\/a><\/p>\n<p>&nbsp;&nbsp;&nbsp; Muzeum Uniwersytetu &nbsp;Wroc\u0142awskiego (z pi\u0119kn\u0105 aul\u0105 Leopoldina&nbsp; oraz Oratorium z epoki p\u00f3\u017anego baroku),<\/p>\n<p><a href=\"https:\/\/cem.info.pl\/?page_id=2730\" target=\"_blank\" rel=\"noopener\">\u2192 GALERIA<\/a><\/p>\n<p>&nbsp;&nbsp;&nbsp; \u201eHal\u0119 Stulecia\u201d (jeden z najwi\u0119kszych \u017celbetonowych budynk\u00f3w w historii, wpisany na list\u0119 \u015awiatowego Dziedzictw UNESCO),<\/p>\n<p><a href=\"https:\/\/cem.info.pl\/?page_id=2737\" target=\"_blank\" rel=\"noopener\">\u2192 GALERIA<\/a><\/p>\n<p>&nbsp;&nbsp;&nbsp; \u201ePanoram\u0119 Rac\u0142awick\u0105\u201d (monumentalny obraz o wymiarach 114 m d\u0142ugo\u015bci i 15 m wysoko\u015bci, przedstawiaj\u0105cy zwyci\u0119sk\u0105 bitw\u0119 Polak\u00f3w nad Rosjanami pod Rac\u0142awicami&nbsp; w &nbsp;1794r.,<\/p>\n<p><a href=\"https:\/\/cem.info.pl\/?page_id=2746\" target=\"_blank\" rel=\"noopener\">\u2192 GALERIA<\/a><\/p>\n<p>&nbsp;&nbsp;&nbsp; \u201eHydropolis\u201d (Centrum Edukacji Ekologicznej&nbsp; i centrum wiedzy o wodzie).<\/p>\n<p><a href=\"https:\/\/cem.info.pl\/?page_id=2757\" target=\"_blank\" rel=\"noopener\">\u2192 GALERIA<\/a><\/p>\n<p>&nbsp;&nbsp;&nbsp; Mieli\u015bmy okazj\u0119 podziwia\u0107 &nbsp;panoram\u0119 Wroc\u0142awia z uniwersyteckiej Wie\u017cy Matematycznej&nbsp; (trzeba by\u0142o pokona\u0107 202&nbsp; marmurowe schody), z punktu widokowego na 49 pi\u0119trze Sky Tower &#8211; najwy\u017cszego budynku w tym mie\u015bcie a tak\u017ce z \u201ewirtualnych lot\u00f3w\u201d w trakcie zwiedzania wystawy&nbsp; w \u201eHali Stulecia\u201d.<\/p>\n<p><a href=\"https:\/\/cem.info.pl\/?page_id=2763\" target=\"_blank\" rel=\"noopener\">\u2192 GALERIA<\/a><\/p>\n<p>&nbsp;&nbsp;&nbsp; Dodatkowo cz\u0119\u015b\u0107 grupy zdecydowa\u0142a si\u0119 obejrze\u0107 unikatow\u0105 multi-sensoryczn\u0105 wystaw\u0119 impresjonist\u00f3w. Na \u015bcianach, suficie i pod\u0142odze (\u0142\u0105cznie 2000 m2) pokazane s\u0105 w ogromnym powi\u0119kszeniu i w ruchu dzie\u0142a najwybitniejszych tw\u00f3rc\u00f3w impresjonizmu. W tle s\u0142ycha\u0107 g\u0142os lektora i muzyk\u0119 kawiarnian\u0105 z tamtego okresu.&nbsp;<\/p>\n<p><a href=\"https:\/\/cem.info.pl\/?page_id=2779\" target=\"_blank\" rel=\"noopener\">\u2192 GALERIA<\/a><\/p>\n<p>&nbsp;&nbsp;&nbsp; W czwartkowy wiecz\u00f3r spotkali\u015bmy si\u0119 &nbsp;z kilkunastoosobow\u0105 grup\u0105 esperantyst\u00f3w wroc\u0142awskich, spo\u015br\u00f3d kt\u00f3rych Ewa i Bogdan nale\u017c\u0105 tak\u017ce do CEM. Spotkanie odby\u0142o si\u0119 w Domu Notre Dame, gdzie byli\u015bmy&nbsp; zakwaterowani.&nbsp; Zebranych przywita\u0142y &nbsp;Bo\u017cena Kocyk (prezes CEM)&nbsp; i Teresa Pomorska (prezes \u015aZE) , ponadto wszyscy obecni dokonali samo prezentacji. Przedstawione zosta\u0142y kr\u00f3tkie informacje o&nbsp; dzia\u0142alno\u015bci stowarzysze\u0144&nbsp; oraz wspomnienia o za\u0142o\u017cycielach organizacji &#8211;&nbsp; \u015bp. Halinie Komar (CEM) &nbsp;i \u015bp. Edwardzie Wojtakowskim (SZE) . Potem &#8211; przy smacznych ciastach, kt\u00f3rymi uraczy\u0142y nas kole\u017canki Ewa i Marysia (SZE) &#8211;&nbsp; nast\u0105pi\u0142y wsp\u00f3lne rozmowy i \u015bpiewanie&nbsp; w j\u0119zyku esperanto&nbsp; popularnych piosenek przy akompaniamencie gitary, na kt\u00f3rej gra\u0142 Georgo z Wroc\u0142awia.<\/p>\n<p><a href=\"https:\/\/cem.info.pl\/?page_id=2788\" target=\"_blank\" rel=\"noopener\">\u2192 GALERIA<\/a><\/p>\n<p>&nbsp;&nbsp;&nbsp; Zaznaczy\u0107 trzeba, \u017ce Dom Notre Dame, kt\u00f3ry jest obiektem klasztornym z XIX w.&nbsp; zlokalizowanym&nbsp; w samym sercu Ostrowa Tumskiego na dawnym miejscu pierwszego we Wroc\u0142awiu zamku Piast\u00f3w \u015al\u0105skich.W podziemiach obiektu przeszli\u015bmy \u015bcie\u017ck\u0119 &nbsp;obrazuj\u0105ca histori\u0119 zamku Piast\u00f3w wraz z odkrywkami starych mur\u00f3w. Przy Domu znajduje si\u0119 ogr\u00f3d dydaktyki ekologicznej.<\/p>\n<p><a href=\"https:\/\/cem.info.pl\/?page_id=2797\" target=\"_blank\" rel=\"noopener\">\u2192 GALERIA<\/a><\/p>\n<p>&nbsp;&nbsp;&nbsp; W drodze powrotnej do Nowego S\u0105cza zatrzymali\u015bmy si\u0119 w Pszczynie \u2013 mie\u015bcie zwanym Per\u0142\u0105 G\u00f3rnego \u015bl\u0105ska. Tam zwiedzili\u015bmy przepi\u0119kny zamek w stylu neobarokowym, kt\u00f3rego wn\u0119trza s\u0105 bardzo bogato wyposa\u017cone. Zamek nie by\u0142 zniszczony w okresach wojen i jego wystr\u00f3j zachowa\u0142 si\u0119 do obecnych&nbsp; czas\u00f3w.&nbsp;<\/p>\n<p><a href=\"https:\/\/cem.info.pl\/?page_id=2812\" target=\"_blank\" rel=\"noopener\">\u2192 GALERIA<\/a><\/p>\n<p>&nbsp;&nbsp;&nbsp; W ka\u017cdym z miejsc, w kt\u00f3rych przebywali\u015bmy &nbsp;pozyskiwali\u015bmy now\u0105 wiedz\u0119 i do\u015bwiadczali\u015bmy r\u00f3\u017cnorodnych&nbsp; emocji, co powoduje, \u017ce wyjazd by\u0142 bardzo ciekawy i warto\u015bciowy. &nbsp;<\/p>","protected":false},"excerpt":{"rendered":"<p>&nbsp;&nbsp;&nbsp; W ostatnich dniach (29-31) marca br. 25 esperantyst\u00f3w z Centrum Edukacji Mi\u0119dzykulturowej odby\u0142o wycieczk\u0119 do Wroc\u0142awia. Celem wyjazdu by\u0142o zwiedzenie tego pi\u0119knego miasta oraz spotkanie z esperantystami zrzeszonymi w \u015al\u0105skim Zwi\u0105zku Esperanckim. Zwiedzili\u015bmy: &nbsp;&nbsp;&nbsp; Najwa\u017cniejsze atrakcje turystyczne Wroc\u0142awia \u2013 najstarsz\u0105 cz\u0119\u015b\u0107 miasta tj. Ostr\u00f3w Tumski z jego zabytkami, Rynek,&nbsp; \u2192 GALERIA &nbsp;&nbsp;&nbsp; Muzeum Uniwersytetu [&hellip;]<\/p>\n","protected":false},"author":4,"featured_media":0,"comment_status":"open","ping_status":"open","sticky":false,"template":"","format":"standard","meta":{"ngg_post_thumbnail":0,"footnotes":""},"categories":[5],"tags":[],"class_list":["post-2701","post","type-post","status-publish","format-standard","hentry","category-pasja"],"_links":{"self":[{"href":"https:\/\/cem.info.pl\/index.php?rest_route=\/wp\/v2\/posts\/2701","targetHints":{"allow":["GET"]}}],"collection":[{"href":"https:\/\/cem.info.pl\/index.php?rest_route=\/wp\/v2\/posts"}],"about":[{"href":"https:\/\/cem.info.pl\/index.php?rest_route=\/wp\/v2\/types\/post"}],"author":[{"embeddable":true,"href":"https:\/\/cem.info.pl\/index.php?rest_route=\/wp\/v2\/users\/4"}],"replies":[{"embeddable":true,"href":"https:\/\/cem.info.pl\/index.php?rest_route=%2Fwp%2Fv2%2Fcomments&post=2701"}],"version-history":[{"count":18,"href":"https:\/\/cem.info.pl\/index.php?rest_route=\/wp\/v2\/posts\/2701\/revisions"}],"predecessor-version":[{"id":2843,"href":"https:\/\/cem.info.pl\/index.php?rest_route=\/wp\/v2\/posts\/2701\/revisions\/2843"}],"wp:attachment":[{"href":"https:\/\/cem.info.pl\/index.php?rest_route=%2Fwp%2Fv2%2Fmedia&parent=2701"}],"wp:term":[{"taxonomy":"category","embeddable":true,"href":"https:\/\/cem.info.pl\/index.php?rest_route=%2Fwp%2Fv2%2Fcategories&post=2701"},{"taxonomy":"post_tag","embeddable":true,"href":"https:\/\/cem.info.pl\/index.php?rest_route=%2Fwp%2Fv2%2Ftags&post=2701"}],"curies":[{"name":"wp","href":"https:\/\/api.w.org\/{rel}","templated":true}]}}