{"id":234,"date":"2014-08-15T17:12:25","date_gmt":"2014-08-15T15:12:25","guid":{"rendered":"http:\/\/www.cem.info.pl\/?p=234"},"modified":"2014-08-15T17:17:45","modified_gmt":"2014-08-15T15:17:45","slug":"odszedl-wielki-podroznik","status":"publish","type":"post","link":"https:\/\/cem.info.pl\/?p=234","title":{"rendered":"Odszed\u0142 wielki podr\u00f3\u017cnik"},"content":{"rendered":"<p style=\"text-align: left;\"><strong><span style=\"color: #003366;\">Karaj Geamikoj, Gesamideanoj- Regina, Andreo, Romeo kaj viaj Proksimuloj, Kunagantoj, Kunlaborantoj&#8230;<\/span><\/strong><\/p>\n<p style=\"text-align: justify;\">Triste kaj kompateme mi salutas vin kaj sendas Kondolencajn vortojn pro neatendita, tro frua forpaso de Andrzej Grz\u0119bowski. Okazis perdo por la tuta monda Esperantujo, mi e\u0109 ne povas imagi ESPERANTOTUR sen Andrzej, sen liaj ideoj, laborego, eksperimentaj agoj&#8230;<\/p>\n<p style=\"text-align: justify;\">Sed plej multe perdis via Familio kaj al ili mi direktas miajn sincerajn kompatajn vortojn kun deziro, ke vi plu tenu en la Familia Rondo tiun \u0109i krea\u0135on de Andrzej, kiu kompilas diversflankan agadon de E-organiza\u0135oj en Bydgoszcz&#8230;<\/p>\n<p style=\"text-align: justify;\">Andrzej restos en mia koro, \u0109ar Li estis la unua, kiu donis al mi helpan manon dum la plej malfacila periodo de mia vivo, dum riunigita mia vivo familia, profesia, socia &#8211; tiam dum t.n. Hejma Milito en Pollando, oni forprenis de mi la tuton&#8230; Amikecan manon kun ebleco havi \u0109iutagan panon, mi ricevis de Andrzej, kiu ekproponis al mi malfermi la Filion de Esperantotur en Nowy S\u0105cz. Dum kelkaj penigaj jaroj mi devis nokte veturadi 600 km unudirekte por preni ordonojn, dokumentojn, klarigojn kts. Mia vivo duoni\u011dis al malproksimaj urboj, sed mi havis en Bydgoszcz Amikojn, tie kleri\u011dis kiel E-instruisto, tie gajnis spertojn, kiuj dum libereca tempo en 1989j. permesis al mi fondi mian propran entreprenon &#8222;KORLANDO&#8221;. Tio \u0109io danke al Andrzej kaj (jam poste) eksterlandaj esperantistoj&#8230;<\/p>\n<p style=\"text-align: justify;\">Mi estas kredanta, ke Lia Animo sentas mian dankemon kaj mi tre bada\u016dras, ke dum multaj jaroj ni ne parolis pri tiama tempo, ke Li probable e\u0109 ne sciis, kiom mi estas dankema kaj komplet\u015dulda al Li! \u011custe tiam ni devas ofte montri niajn sentojn al geamikoj, \u011dis kiam ne estos jam tro malfrue&#8230; Ripozu en Paco, Andrzej &#8211; ni multaj memoros Vin longe&#8230;<\/p>\n<p style=\"text-align: right;\"><em>Amike, plenkore &#8211; Halina Komar<\/em><\/p>\n<p style=\"text-align: justify;\">Al la Kondolencoj ali\u011das novson\u0109aj esperantistoj kaj la aktivularo de CEM.<\/p>\n","protected":false},"excerpt":{"rendered":"<p>Karaj Geamikoj, Gesamideanoj- Regina, Andreo, Romeo kaj viaj Proksimuloj, Kunagantoj, Kunlaborantoj&#8230; Triste kaj kompateme mi salutas vin kaj sendas Kondolencajn vortojn pro neatendita, tro frua forpaso de Andrzej Grz\u0119bowski. Okazis perdo por la tuta monda Esperantujo, mi e\u0109 ne povas imagi ESPERANTOTUR sen Andrzej, sen liaj ideoj, laborego, eksperimentaj agoj&#8230; Sed plej multe perdis via [&hellip;]<\/p>\n","protected":false},"author":3,"featured_media":0,"comment_status":"open","ping_status":"open","sticky":false,"template":"","format":"standard","meta":{"ngg_post_thumbnail":0,"footnotes":""},"categories":[1],"tags":[],"class_list":["post-234","post","type-post","status-publish","format-standard","hentry","category-bez-kategorii"],"_links":{"self":[{"href":"https:\/\/cem.info.pl\/index.php?rest_route=\/wp\/v2\/posts\/234","targetHints":{"allow":["GET"]}}],"collection":[{"href":"https:\/\/cem.info.pl\/index.php?rest_route=\/wp\/v2\/posts"}],"about":[{"href":"https:\/\/cem.info.pl\/index.php?rest_route=\/wp\/v2\/types\/post"}],"author":[{"embeddable":true,"href":"https:\/\/cem.info.pl\/index.php?rest_route=\/wp\/v2\/users\/3"}],"replies":[{"embeddable":true,"href":"https:\/\/cem.info.pl\/index.php?rest_route=%2Fwp%2Fv2%2Fcomments&post=234"}],"version-history":[{"count":5,"href":"https:\/\/cem.info.pl\/index.php?rest_route=\/wp\/v2\/posts\/234\/revisions"}],"predecessor-version":[{"id":239,"href":"https:\/\/cem.info.pl\/index.php?rest_route=\/wp\/v2\/posts\/234\/revisions\/239"}],"wp:attachment":[{"href":"https:\/\/cem.info.pl\/index.php?rest_route=%2Fwp%2Fv2%2Fmedia&parent=234"}],"wp:term":[{"taxonomy":"category","embeddable":true,"href":"https:\/\/cem.info.pl\/index.php?rest_route=%2Fwp%2Fv2%2Fcategories&post=234"},{"taxonomy":"post_tag","embeddable":true,"href":"https:\/\/cem.info.pl\/index.php?rest_route=%2Fwp%2Fv2%2Ftags&post=234"}],"curies":[{"name":"wp","href":"https:\/\/api.w.org\/{rel}","templated":true}]}}