{"id":2311,"date":"2022-05-27T01:03:37","date_gmt":"2022-05-26T23:03:37","guid":{"rendered":"https:\/\/cem.info.pl\/?p=2311"},"modified":"2022-05-27T01:06:43","modified_gmt":"2022-05-26T23:06:43","slug":"podsumowanie-roku-2021","status":"publish","type":"post","link":"https:\/\/cem.info.pl\/?p=2311","title":{"rendered":"Podsumowanie roku 2021"},"content":{"rendered":"<p><strong><em>Podsumowanie&nbsp; roku 2021<\/em><\/strong><\/p>\n<p><strong><em>Rok 2021 \u2013 by\u0142 kolejnym okresem, w kt\u00f3rym &nbsp;pandemia &nbsp;covid -19&nbsp; ogranicza\u0142a aktywne dzia\u0142ania.&nbsp; Pomimo wszystko&nbsp; Centrum Edukacji Mi\u0119dzykulturowej &nbsp;w miar\u0119 mo\u017cliwo\u015bci dzia\u0142a\u0142o. &nbsp;W czasie kiedy warunki pozwala\u0142y cz\u0142onkowie&nbsp; Stowarzyszenia spotykali si\u0119 &nbsp;na kursach j\u0119zyka esperanto.&nbsp;&nbsp;&nbsp;&nbsp;&nbsp;&nbsp;&nbsp;&nbsp;&nbsp;&nbsp;&nbsp;&nbsp;&nbsp;&nbsp;&nbsp;&nbsp;&nbsp;&nbsp;&nbsp;&nbsp;&nbsp;&nbsp;&nbsp;&nbsp;&nbsp;&nbsp;&nbsp;&nbsp;&nbsp;&nbsp;&nbsp;&nbsp;&nbsp;&nbsp;&nbsp;&nbsp;&nbsp;&nbsp;&nbsp;&nbsp;&nbsp;&nbsp;&nbsp;&nbsp;&nbsp;&nbsp;&nbsp;&nbsp;&nbsp;&nbsp;&nbsp;&nbsp;&nbsp;&nbsp;&nbsp;&nbsp;&nbsp;&nbsp;&nbsp;&nbsp;&nbsp;&nbsp;&nbsp;&nbsp;&nbsp;&nbsp;&nbsp;&nbsp;&nbsp;&nbsp;&nbsp;&nbsp;&nbsp;&nbsp; <\/em><\/strong><\/p>\n<p><strong>W roku ubieg\u0142ym z ogromnym zaanga\u017cowaniem pracowa\u0142a Prezes Stowarzyszenia&nbsp; Pani&nbsp; Halina Komar , przygotowuj\u0105c kilka wniosk\u00f3w o granty do r\u00f3\u017cnych&nbsp; organizator\u00f3w konkurs\u00f3w.&nbsp; Efektem Jej pracy jest przyznanie dla CEM&nbsp; przez Fundacj\u0119 Rozwoju Systemu Edukacji dofinansowania&nbsp; \u015brodk\u00f3w Unii Europejskiej w ramach&nbsp; Erasmus+&nbsp; na realizacj\u0119 dzia\u0142a\u0144&nbsp; projektu grupowej mobilno\u015bci doros\u0142ych os\u00f3b ucz\u0105cych si\u0119 . Projekt realizowany w roku bie\u017c\u0105cym.<\/strong><\/p>\n<p><strong><em>&nbsp;W roku 2021 zrealizowali\u015bmy dwa przedsi\u0119wzi\u0119cia:<\/em><\/strong><\/p>\n<p><strong><em>1\/&nbsp; projekt p.t \u201eZAPRASZAMY NA ZIEMI\u0118&nbsp; S\u0104DECK\u0104\u201d dofinansowany przez powiat nowos\u0105decki,<\/em><\/strong><\/p>\n<p><strong><em>2\/ grupa m\u0142odzie\u017cy uczestniczy\u0142a w&nbsp; 27 Pol\u2019and\u201dRock Festiwal 2021 w Makowicach \u2013 P\u0142otach ko\u0142o Szczecina<\/em><\/strong>.<\/p>\n<p>&nbsp; <strong>Projekt zatytu\u0142owany <\/strong><em><strong>ZAPRASZAMY&nbsp; NA&nbsp; ZIEMI\u0118&nbsp; S\u0104DECK\u0104<\/strong> <\/em><strong>&nbsp;zosta\u0142&nbsp; zrealizowany&nbsp; przez Centrum Edukacji Mi\u0119dzykulturowej w lipcu &nbsp;2021 roku&nbsp; na by\u0142ym lotnisku&nbsp; pod Szczecinem&nbsp;&nbsp; w Makowicach- P\u0142otach.&nbsp; &nbsp; Na&nbsp; Ziemi\u0119 S\u0105deck\u0105 zapraszali m\u0142odzi&nbsp; wolontariusze&nbsp; Krzysztof i Wiktor z Nowego S\u0105cza .&nbsp; Zostali oni wcze\u015bniej&nbsp; wyposa\u017ceni w&nbsp; solidn\u0105 wiedz\u0119 o powiecie nowos\u0105deckim oraz&nbsp; w bardzo bogate materia\u0142y&nbsp; promuj\u0105ce Ziemi\u0119 S\u0105deck\u0105 \u2013 jej walory historyczne, turystyczne,&nbsp; przyrodnicze, kulturowe.&nbsp; Wspomaga\u0142a ich Lidia, kt\u00f3ra wcze\u015bniej zaanga\u017cowa\u0142a si\u0119 w zbieranie&nbsp; broszur, folder\u00f3w, map&nbsp; i r\u00f3\u017cnych gad\u017cet\u00f3w&nbsp; zwi\u0105zanych z S\u0105decczyzn\u0105.&nbsp;&nbsp;&nbsp; Przez ca\u0142y czas pobytu na festiwalu prowadzili oni stoisko z materia\u0142ami promuj\u0105cymi region,&nbsp; rozmawiali z osobami odwiedzaj\u0105cymi to stoisko&nbsp; obdarowuj\u0105c ich ciekawymi materia\u0142ami informacyjnymi. Ponadto przeprowadzili&nbsp; z publiczno\u015bci\u0105&nbsp; dwa&nbsp; d\u0142u\u017csze spotkania z&nbsp; prelekcj\u0105 o Ziemi S\u0105deckiej&nbsp; prezentuj\u0105c jej&nbsp; atuty, miejsca warte odwiedzenia, mo\u017cliwo\u015bci aktywnego sp\u0119dzania czasu na \u015bwie\u017cym powietrzu wynikaj\u0105ce z cech terenu a tak\u017ce i infrastruktury turystycznej. <\/strong><\/p>\n<p><strong>Stoisko i materia\u0142y promocyjne cieszy\u0142y si\u0119 du\u017cym zainteresowaniem&nbsp; os\u00f3b pochodz\u0105cych z r\u00f3\u017cnych miast i miejscowo\u015bci z Polski i z Niemiec.&nbsp; Doro\u015bli interesowali si\u0119&nbsp; turystyk\u0105 poznawcz\u0105, rekreacyjn\u0105, religijn\u0105 i zdrowotn\u0105. M\u0142odzie\u017c za\u015b&nbsp; zaciekawiona by\u0142\u0105 rodzajami sport\u00f3w, kt\u00f3re&nbsp; mo\u017cna uprawia\u0107&nbsp; w naszym terenie.&nbsp; Wiele os\u00f3b deklarowa\u0142o przyjazd na S\u0105decczyzn\u0119 aby pozna\u0107 pi\u0119kno i bogactwo tej ziemi a tak\u017ce p\u00f3\u017aniej informowa\u0107 i zach\u0119ca\u0107 znajomych&nbsp; do wyjazd\u00f3w w region s\u0105decki. <\/strong><\/p>\n<p>Zadanie&nbsp; <em>ZPRASZAMY NA ZIEMI\u0118 S\u0104DECKA<\/em> zrealizowano&nbsp; przy&nbsp; wsparciu finansowym Powiatu Nowos\u0105deckiego w ramach&nbsp; \u201dMa\u0142ych&nbsp; grant\u00f3w\u201d.<\/p>\n<p><strong>Przedstawiaj\u0105c kr\u00f3tk\u0105&nbsp; informacj\u0119 o zrealizowanym zadaniu&nbsp; kontynuujemy promocj\u0119&nbsp; i <em>ZAPRASZAMY NA ZIEMI\u0118 S\u0104DECK\u0104&nbsp; .&nbsp; <\/em>Zach\u0119camy do zapoznania si\u0119&nbsp;&nbsp; z regionem&nbsp; odwiedzaj\u0105c stroni\u0119 internetow\u0105&nbsp; <a href=\"https:\/\/nowosadecki.pl\/pl\/turystyka\">https:\/\/nowosadecki.pl\/pl\/turystyka<\/a><\/strong><strong>&nbsp; a potem przyje\u017cd\u017cajcie &nbsp;&nbsp;i&nbsp; potwierdzajcie, \u017ce warto &nbsp;pozna\u0107&nbsp; ten pi\u0119kny zak\u0105tek Polski. <\/strong><\/p>\n<p><a href=\"https:\/\/cem.info.pl\/wp-content\/uploads\/2022\/05\/ziemia_sadecka.jpg\" rel=\"lightbox[2311]\"><img loading=\"lazy\" decoding=\"async\" class=\"aligncenter wp-image-2313 size-full\" src=\"https:\/\/cem.info.pl\/wp-content\/uploads\/2022\/05\/ziemia_sadecka.jpg\" alt=\"\" width=\"605\" height=\"454\" srcset=\"https:\/\/cem.info.pl\/wp-content\/uploads\/2022\/05\/ziemia_sadecka.jpg 605w, https:\/\/cem.info.pl\/wp-content\/uploads\/2022\/05\/ziemia_sadecka-300x225.jpg 300w\" sizes=\"auto, (max-width: 605px) 100vw, 605px\" \/><\/a><\/p>\n<p>Drugie zadanie wykonane przez m\u0142odzie\u017c&nbsp; to aktywny <strong>udzia\u0142 w 27 Pol\u2019and\u201dRock&nbsp; Festiwal&nbsp; 2021\u2019. <\/strong>&nbsp;W trakcie Festiwalu&nbsp; przedstawiciele Centrum Edukacji Mi\u0119dzykulturowej&nbsp; aktywnie promowali j\u0119zyk i ide\u0119 esperanta jako&nbsp; narz\u0119dzia&nbsp; pokojowego wsp\u00f3\u0142istnienia narod\u00f3w.&nbsp; Kurs j\u0119zyka esperanto prowadzony przez&nbsp; Stano Mar\u0107ka ze S\u0142owacji, rozmowy dotycz\u0105ce poznawania \u015bwiata dzi\u0119ki&nbsp; znajomo\u015bci tego j\u0119zyka cieszy\u0142y si\u0119 du\u017cym zainteresowaniem uczestnik\u00f3w wielkiej imprezy jak\u0105 &nbsp;by\u0142 27 Festiwal Pol\u2019and\u2019Rock&nbsp; 2021.<\/p>\n<p style=\"text-align: center;\"><a href=\"https:\/\/cem.info.pl\/wp-content\/uploads\/2022\/05\/polandrock2021.jpg\" rel=\"lightbox[2311]\"><img loading=\"lazy\" decoding=\"async\" class=\"aligncenter size-full wp-image-2312\" src=\"https:\/\/cem.info.pl\/wp-content\/uploads\/2022\/05\/polandrock2021.jpg\" alt=\"\" width=\"605\" height=\"402\" srcset=\"https:\/\/cem.info.pl\/wp-content\/uploads\/2022\/05\/polandrock2021.jpg 605w, https:\/\/cem.info.pl\/wp-content\/uploads\/2022\/05\/polandrock2021-300x199.jpg 300w\" sizes=\"auto, (max-width: 605px) 100vw, 605px\" \/><\/a><\/p>\n<p><\/p>","protected":false},"excerpt":{"rendered":"<p>Podsumowanie&nbsp; roku 2021 Rok 2021 \u2013 by\u0142 kolejnym okresem, w kt\u00f3rym &nbsp;pandemia &nbsp;covid -19&nbsp; ogranicza\u0142a aktywne dzia\u0142ania.&nbsp; Pomimo wszystko&nbsp; Centrum Edukacji Mi\u0119dzykulturowej &nbsp;w miar\u0119 mo\u017cliwo\u015bci dzia\u0142a\u0142o. &nbsp;W czasie kiedy warunki pozwala\u0142y cz\u0142onkowie&nbsp; Stowarzyszenia spotykali si\u0119 &nbsp;na kursach j\u0119zyka esperanto.&nbsp;&nbsp;&nbsp;&nbsp;&nbsp;&nbsp;&nbsp;&nbsp;&nbsp;&nbsp;&nbsp;&nbsp;&nbsp;&nbsp;&nbsp;&nbsp;&nbsp;&nbsp;&nbsp;&nbsp;&nbsp;&nbsp;&nbsp;&nbsp;&nbsp;&nbsp;&nbsp;&nbsp;&nbsp;&nbsp;&nbsp;&nbsp;&nbsp;&nbsp;&nbsp;&nbsp;&nbsp;&nbsp;&nbsp;&nbsp;&nbsp;&nbsp;&nbsp;&nbsp;&nbsp;&nbsp;&nbsp;&nbsp;&nbsp;&nbsp;&nbsp;&nbsp;&nbsp;&nbsp;&nbsp;&nbsp;&nbsp;&nbsp;&nbsp;&nbsp;&nbsp;&nbsp;&nbsp;&nbsp;&nbsp;&nbsp;&nbsp;&nbsp;&nbsp;&nbsp;&nbsp;&nbsp;&nbsp;&nbsp; W roku ubieg\u0142ym z ogromnym zaanga\u017cowaniem pracowa\u0142a Prezes Stowarzyszenia&nbsp; Pani&nbsp; Halina Komar , przygotowuj\u0105c kilka wniosk\u00f3w [&hellip;]<\/p>\n","protected":false},"author":1,"featured_media":0,"comment_status":"open","ping_status":"open","sticky":false,"template":"","format":"standard","meta":{"ngg_post_thumbnail":0,"footnotes":""},"categories":[1],"tags":[],"class_list":["post-2311","post","type-post","status-publish","format-standard","hentry","category-bez-kategorii"],"_links":{"self":[{"href":"https:\/\/cem.info.pl\/index.php?rest_route=\/wp\/v2\/posts\/2311","targetHints":{"allow":["GET"]}}],"collection":[{"href":"https:\/\/cem.info.pl\/index.php?rest_route=\/wp\/v2\/posts"}],"about":[{"href":"https:\/\/cem.info.pl\/index.php?rest_route=\/wp\/v2\/types\/post"}],"author":[{"embeddable":true,"href":"https:\/\/cem.info.pl\/index.php?rest_route=\/wp\/v2\/users\/1"}],"replies":[{"embeddable":true,"href":"https:\/\/cem.info.pl\/index.php?rest_route=%2Fwp%2Fv2%2Fcomments&post=2311"}],"version-history":[{"count":2,"href":"https:\/\/cem.info.pl\/index.php?rest_route=\/wp\/v2\/posts\/2311\/revisions"}],"predecessor-version":[{"id":2315,"href":"https:\/\/cem.info.pl\/index.php?rest_route=\/wp\/v2\/posts\/2311\/revisions\/2315"}],"wp:attachment":[{"href":"https:\/\/cem.info.pl\/index.php?rest_route=%2Fwp%2Fv2%2Fmedia&parent=2311"}],"wp:term":[{"taxonomy":"category","embeddable":true,"href":"https:\/\/cem.info.pl\/index.php?rest_route=%2Fwp%2Fv2%2Fcategories&post=2311"},{"taxonomy":"post_tag","embeddable":true,"href":"https:\/\/cem.info.pl\/index.php?rest_route=%2Fwp%2Fv2%2Ftags&post=2311"}],"curies":[{"name":"wp","href":"https:\/\/api.w.org\/{rel}","templated":true}]}}