{"id":223,"date":"2014-08-15T16:47:15","date_gmt":"2014-08-15T14:47:15","guid":{"rendered":"http:\/\/www.cem.info.pl\/?p=223"},"modified":"2014-08-15T17:04:27","modified_gmt":"2014-08-15T15:04:27","slug":"wieczny-podroznik","status":"publish","type":"post","link":"https:\/\/cem.info.pl\/?p=223","title":{"rendered":"Wieczny podr\u00f3\u017cnik"},"content":{"rendered":"<p><a href=\"http:\/\/www.cem.info.pl\/wp-content\/uploads\/2014\/08\/andrzej.jpg\" rel=\"lightbox[223]\"><img loading=\"lazy\" decoding=\"async\" class=\"alignleft  wp-image-226\" src=\"http:\/\/www.cem.info.pl\/wp-content\/uploads\/2014\/08\/andrzej.jpg\" alt=\"andrzej\" width=\"151\" height=\"185\" \/><\/a><\/p>\n<p style=\"text-align: justify;\">Smutno \u00a0powiedzie\u0107 ale dobieg\u0142a kresu ostatnia ziemska w\u0119dr\u00f3wka Andrzeja Grz\u0119bowskiego \u2013 cz\u0142owieka, kt\u00f3rego pasj\u0105 by\u0142o poznawanie \u015bwiata i esperanto. Bez w\u0105tpienia to dzi\u0119ki niemu tysi\u0105ce ludzi , a do tej grupy i ja si\u0119 zaliczam, mog\u0142o podr\u00f3\u017cowa\u0107 po \u015bwiecie tak\u017ce w czasach , kiedy wszelkie wyjazdy na zach\u00f3d by\u0142y delikatnie m\u00f3wi\u0105c nie\u0142atwe. Dzi\u0119ki esperanckim koneksjom Andrzeja , za niewielkie pieni\u0105dze , cho\u0107 w skromnych warunkach wraz z Esperantoturem mo\u017cna by\u0142o poznawa\u0107 Europ\u0119 i \u015bwiat. Esperanto \u2013 mi\u0119dzynarodowy j\u0119zyk to by\u0142o nie tylko hobby Andrzeja, to by\u0142 spos\u00f3b na \u017cycie , kt\u00f3rym zarazi\u0142 nie tylko swoich najbli\u017cszych ale tysi\u0105ce os\u00f3b daj\u0105c im mo\u017cliwo\u015b\u0107 prostego, wspania\u0142ego kontaktu z innymi lud\u017ami. To z Jego inspiracji powsta\u0142a w Bydgoszczy mi\u0119dzynarodowa szko\u0142a kszta\u0142c\u0105ca m\u0142odzie\u017c z wielu kraj\u00f3w \u015bwiata w zakresie turystycznej obs\u0142ugi . To On by\u0142 pomys\u0142odawc\u0105 Esperanckich Dni Bydgoszczy , kt\u00f3re by\u0142y pomocne szerokiej promocji miasta \u2013 temu zreszt\u0105 s\u0142u\u017cy\u0142y tak\u017ce rozmaite wydawnictwa rozsy\u0142ane przez bydgoskich esperantyst\u00f3w na ca\u0142y \u015bwiat. Andrzej Grz\u0119bowski by\u0142 osob\u0105 \u017cyczliw\u0105 , pomaga\u0142 bezinteresownie \u2013 sam tego do\u015bwiadczy\u0142em \u2013 wielu osobom i tym sobie znanym i tym , kt\u00f3rzy byli w potrzebie. Teraz w\u0119druje po niebia\u0144skich szlakach \u2013 tam jeszcze przecie\u017c nie by\u0142, \u017cal , \u017ce ju\u017c tam jest.<\/p>\n<p style=\"text-align: right;\"><em>Walentyna Fiszer-Doli\u0144ska<\/em><\/p>\n<p style=\"text-align: right;\"><em>Krzysztof \u015aliwi\u0144ski<\/em><\/p>\n","protected":false},"excerpt":{"rendered":"<p>Smutno \u00a0powiedzie\u0107 ale dobieg\u0142a kresu ostatnia ziemska w\u0119dr\u00f3wka Andrzeja Grz\u0119bowskiego \u2013 cz\u0142owieka, kt\u00f3rego pasj\u0105 by\u0142o poznawanie \u015bwiata i esperanto. Bez w\u0105tpienia to dzi\u0119ki niemu tysi\u0105ce ludzi , a do tej grupy i ja si\u0119 zaliczam, mog\u0142o podr\u00f3\u017cowa\u0107 po \u015bwiecie tak\u017ce w czasach , kiedy wszelkie wyjazdy na zach\u00f3d by\u0142y delikatnie m\u00f3wi\u0105c nie\u0142atwe. Dzi\u0119ki esperanckim koneksjom [&hellip;]<\/p>\n","protected":false},"author":3,"featured_media":0,"comment_status":"open","ping_status":"open","sticky":false,"template":"","format":"standard","meta":{"ngg_post_thumbnail":0,"footnotes":""},"categories":[1],"tags":[],"class_list":["post-223","post","type-post","status-publish","format-standard","hentry","category-bez-kategorii"],"_links":{"self":[{"href":"https:\/\/cem.info.pl\/index.php?rest_route=\/wp\/v2\/posts\/223","targetHints":{"allow":["GET"]}}],"collection":[{"href":"https:\/\/cem.info.pl\/index.php?rest_route=\/wp\/v2\/posts"}],"about":[{"href":"https:\/\/cem.info.pl\/index.php?rest_route=\/wp\/v2\/types\/post"}],"author":[{"embeddable":true,"href":"https:\/\/cem.info.pl\/index.php?rest_route=\/wp\/v2\/users\/3"}],"replies":[{"embeddable":true,"href":"https:\/\/cem.info.pl\/index.php?rest_route=%2Fwp%2Fv2%2Fcomments&post=223"}],"version-history":[{"count":8,"href":"https:\/\/cem.info.pl\/index.php?rest_route=\/wp\/v2\/posts\/223\/revisions"}],"predecessor-version":[{"id":233,"href":"https:\/\/cem.info.pl\/index.php?rest_route=\/wp\/v2\/posts\/223\/revisions\/233"}],"wp:attachment":[{"href":"https:\/\/cem.info.pl\/index.php?rest_route=%2Fwp%2Fv2%2Fmedia&parent=223"}],"wp:term":[{"taxonomy":"category","embeddable":true,"href":"https:\/\/cem.info.pl\/index.php?rest_route=%2Fwp%2Fv2%2Fcategories&post=223"},{"taxonomy":"post_tag","embeddable":true,"href":"https:\/\/cem.info.pl\/index.php?rest_route=%2Fwp%2Fv2%2Ftags&post=223"}],"curies":[{"name":"wp","href":"https:\/\/api.w.org\/{rel}","templated":true}]}}