{"id":1860,"date":"2017-11-30T23:21:53","date_gmt":"2017-11-30T22:21:53","guid":{"rendered":"http:\/\/www.cem.info.pl\/?p=1860"},"modified":"2022-12-03T18:53:35","modified_gmt":"2022-12-03T17:53:35","slug":"list-do-uea","status":"publish","type":"post","link":"https:\/\/cem.info.pl\/?p=1860","title":{"rendered":"List do UEA"},"content":{"rendered":"<p>E S T R A R O&nbsp; de<\/p>\n<p>Universala Asocio de Esperanto<\/p>\n<p>Nieuwe Binnenweg 176<\/p>\n<p>3015 BJ Rotterdam,<\/p>\n<p>Nederlando<\/p>\n<p>Celante da\u016drigi la&nbsp; vojon, komencitan per enskribo de la lingvo Esperanto, kiel portanton de esperanta kulturo sur la liston de Nemateria Kulturhereda\u0135o de Pollando, en Pola Senato renkonti\u011dis la 3-an de marto 2015 reprezentantoj de landa Esperanta movado. La Kunsidon organizis Senatano prof. dr hab. Edmund Wittbrodt, kiu prezidas Parlamentan Grupon Subtenantan Esperanton, kun cxeesto de nova deputito RP \u2013 Aleksander Sosna (konata en Esperantujo pro lia grava rolo por organizado en 2009 la &nbsp;94an &nbsp;UK-on &nbsp;en Bialistoko) kaj partopreno de 19 aktivaj reprezentantoj de diversaj polaj &nbsp;Esperanto-organiza\u0135oj, alvenintaj el cxiuj regionoj de la lando.&nbsp;<\/p>\n<p>Dum ina\u016dgura parolado, la Senatano montris sian profundan konon de la temo kaj enga\u011di\u011don por solvi situacion de pola E-movado. Kiel&nbsp; enkonduko al posta&nbsp; vigla k. interesa diskuto, estis&nbsp; artikolo preparita de Kazimiro Krzy\u017cak (aneksita al tiu \u0109i letero) kaj poste \u2013 plano de Reaktivigo de E-&nbsp; Instruantaro en Pollando, ekproponita de Halina Komar.&nbsp;<\/p>\n<p>Dum la diskuto,&nbsp; temaroj estis klarigitaj, precizigitaj a\u016d korektitaj. Planita por 2 horoj kunveno da\u016dris e\u0109 3,5 horoj, kaj devis fini\u011di pro taskoj de nia Senatano\u2026 Kiel la plej&nbsp; ur\u011daj ni elektis jenajn temojn:&nbsp;<\/p>\n<p>Ser\u0109ado eblecojn k. manierojn por krei tutpollandan forumon a\u016d koalicion, kio permesus kunigi la kapablojn kaj fortojn de divigitaj E-organiza\u0135oj<\/p>\n<p>Esploro bezonojn kaj anka\u016d vojojn al decidpovuloj (anka\u016d politika interveno) en la \u015dtata eduka sistemo, cele aldoni Esperanton al lingvoj oficiale uzataj en pola edukado kaj atesti \u011din kiel unu el egzamenligvoj.<\/p>\n<p>Reaktivigi polan E-instruantaron (temas pri rapida trejnado), \u0109ar la movado restis sen renovigo de instruista kadro jam \u0109.30 jaroj, la situacio i\u011dis katastrofa por nia movado.<\/p>\n<p>Rekoni la eblecojn de monakirado el publikaj fontoj, por la supra celo, prilabori ta\u016dgajn projektojn por \u0109i tiu celo.<\/p>\n<p>Preni ekzemplon de kolego Kazimiro Krzy\u017cak, kiu persiste dum jaroj, konstruas la &nbsp;kontaktojn kun politikistoj \u2013 por ke \u0109iu organiza\u0135o trovu simpatianojn de Esperanto en la loko de sia agado&nbsp; kaj komencu kontaktojn lokajn, regionajn, landajn a\u016d e\u0109 kun lo\u011dantaj najbare e\u016droparlamentanoj \u2013 estis konfirmite, ke danke al polityka helpo,&nbsp; esperantistoj atingis pli multe ol anta\u016de estis atendite.<\/p>\n<p>Rilate al la 4a pkt. Niaj ekzemploj influu al aliaj landoj, kie eblus organizi similan strukturon je la subtenado de Esperanto per parlamentanoj, kaj tion oni jam komence planis fari \u0109i jare \u2013 unue per kunigo je streboj de Visehradaj Landoj \u2013 V4, dum jubilea Ekonomia Forumo en Krynica 2015.<\/p>\n<p>Sendi petdemandon al UEA \u2013 \u0109u oni konsentas inviti kelkpersonan grupon de e\u016drodeputitoj al Jubilea UK en Lilo? Oni ne kredas, ke povas ekzisti grandaj Kongresoj sen interpretistoj, ke homoj el la tuta mondo libere komuniki\u011das nur danke al unu lingvo\u2026 Tio estus duflanka profito: politikistoj ekkonus la idealan solvon por interhomaj kontaktoj, kaj kongresanoj &#8211; &nbsp;vidos, ke eblas kunlabori anka\u016d kun politikistoj, kiuj povos helpi por disvolvigo de Esperanto.<\/p>\n<p>Prilaboro de lar\u011da strategio pri promociado de Esperanto, nun ofte forgesita.<\/p>\n<p>&nbsp;<\/p>\n<p>Dum la kunsido estis kreita Laborteamo, kies celo estas koordini&nbsp; la strebojn \u2013 prilabori konkretan planon de kunlaboro kaj komenci realigadon de la plej&nbsp; ur\u011daj taskoj. La&nbsp; elektita Laborteamo konsitas:<\/p>\n<p>1\/ Halina Komar \u2013 Centro de Interkultura Edukado Nowy S\u0105cz, &#8211; gvidanto de la Laborteamo.<\/p>\n<p>2\/ Kazimierz Krzy\u017cak \u2013 E\u016dropa- Demokracja \u2013 Esperanto&nbsp;&nbsp; \/ Gdynia<\/p>\n<p>3\/ Konrad Andrzejuk \u2013 Fonda\u0135o de Zamenhof \/ Bia\u0142ystok<\/p>\n<p>4\/ Piotr Ho\u0142da \u2013 Pola Esperanto Junularo \/ Krak\u00f3w<\/p>\n<p>5\/ Ma\u0142gorzata Komarnicka \u2013 Regiona Buroo CEM \/Wroc\u0142aw<\/p>\n<p>6\/ Stanis\u0142aw Mandrak \u2013 Pola Esperanto Asocio \/Gliwice<\/p>\n<p>7\/ Barbara Pietrzak \u2013 Universala Esperanto-Asocio \/ Warszawa<\/p>\n<p>8\/ Irena Tomaszewska \u2013 Filio de PEA \/Szczecin<\/p>\n<p>&nbsp;<\/p>\n<p>Entuzjasmo al laboro estas granda, \u0109ar nur dum kelkaj tagoj jam alvenis konsentoj kaj deklaroj al kelkaj el supraj temoj \u2013 Konrad Andrzejuk deklaris, ke dum 2 semajnoj provos prepari materialojn al la punktoj 2 kaj 8. &nbsp;Pri la sepa temo okupi\u011das K. Krzy\u017cak, kaj&nbsp; \u0109i tiu letero estas de li instigita. Pri la sesa temo jam estis iomete aran\u011dite flanke de la Senatano kaj kontaktoj da\u016dros \u011dis EF en Krynica \u2013 se temas pri kunaj agoj por Esperanto en landoj V4, sed estus bonege, se anka\u016d en aliaj landoj oni postu niajn pa\u015dojn sur kampo de rilatoj kun politikistoj \u2026 Por&nbsp; Halina Komar restis temoj 3-4 kaj tio signifas \u2013 ke mi devos \u201esidi kaj \u011demi\u201d la\u016d la vortoj de Stefano MacGill\u2026<\/p>\n<p>Sed mi ricevis fortan subtenon de Ilona Koutny, kiu deklaris nome de UAM Poznan kaj \u015dia Interlingvistika Fako, seriozan helpon por montritaj planoj pri reaktivado de instruiataro en Pollando kaj fakan protektadon por la tuto.<\/p>\n<p>\u0108io dependas nun de la mono, pri kiu mi batalos nune la tutan monaton, kalkulante anka\u016d &nbsp;helpon de Petro Bala\u017c, Zsofia Korody kaj Katalin Kovats. Ni bezonas viajn bondezirojn de prospero en nia agado.<\/p>\n<p>&nbsp;<\/p>\n<p>Amike \u2013 Halina Komar kaj Kazimierz Krzy\u017cak &nbsp;&nbsp;&nbsp;&nbsp;&nbsp;&nbsp;&nbsp;&nbsp;&nbsp;<\/p>\n","protected":false},"excerpt":{"rendered":"<p>E S T R A R O&nbsp; de Universala Asocio de Esperanto Nieuwe Binnenweg 176 3015 BJ Rotterdam, Nederlando Celante da\u016drigi la&nbsp; vojon, komencitan per enskribo de la lingvo Esperanto, kiel portanton de esperanta kulturo sur la liston de Nemateria Kulturhereda\u0135o de Pollando, en Pola Senato renkonti\u011dis la 3-an de marto 2015 reprezentantoj de landa [&hellip;]<\/p>\n","protected":false},"author":3,"featured_media":0,"comment_status":"closed","ping_status":"closed","sticky":false,"template":"","format":"standard","meta":{"ngg_post_thumbnail":0,"footnotes":""},"categories":[9],"tags":[],"class_list":["post-1860","post","type-post","status-publish","format-standard","hentry","category-esperanto"],"_links":{"self":[{"href":"https:\/\/cem.info.pl\/index.php?rest_route=\/wp\/v2\/posts\/1860","targetHints":{"allow":["GET"]}}],"collection":[{"href":"https:\/\/cem.info.pl\/index.php?rest_route=\/wp\/v2\/posts"}],"about":[{"href":"https:\/\/cem.info.pl\/index.php?rest_route=\/wp\/v2\/types\/post"}],"author":[{"embeddable":true,"href":"https:\/\/cem.info.pl\/index.php?rest_route=\/wp\/v2\/users\/3"}],"replies":[{"embeddable":true,"href":"https:\/\/cem.info.pl\/index.php?rest_route=%2Fwp%2Fv2%2Fcomments&post=1860"}],"version-history":[{"count":1,"href":"https:\/\/cem.info.pl\/index.php?rest_route=\/wp\/v2\/posts\/1860\/revisions"}],"predecessor-version":[{"id":1864,"href":"https:\/\/cem.info.pl\/index.php?rest_route=\/wp\/v2\/posts\/1860\/revisions\/1864"}],"wp:attachment":[{"href":"https:\/\/cem.info.pl\/index.php?rest_route=%2Fwp%2Fv2%2Fmedia&parent=1860"}],"wp:term":[{"taxonomy":"category","embeddable":true,"href":"https:\/\/cem.info.pl\/index.php?rest_route=%2Fwp%2Fv2%2Fcategories&post=1860"},{"taxonomy":"post_tag","embeddable":true,"href":"https:\/\/cem.info.pl\/index.php?rest_route=%2Fwp%2Fv2%2Ftags&post=1860"}],"curies":[{"name":"wp","href":"https:\/\/api.w.org\/{rel}","templated":true}]}}