{"id":1340,"date":"2015-11-20T22:10:36","date_gmt":"2015-11-20T21:10:36","guid":{"rendered":"http:\/\/www.cem.info.pl\/?p=1340"},"modified":"2016-01-08T22:02:32","modified_gmt":"2016-01-08T21:02:32","slug":"rok-zamenhofa-2017","status":"publish","type":"post","link":"https:\/\/cem.info.pl\/?p=1340","title":{"rendered":"Rok Zamenhofa 2017"},"content":{"rendered":"<p><\/p>\n<h3 style=\"text-align: center;\">Rok Zamenhofa 2017<\/h3>\n<div id=\"attachment_1339\" style=\"width: 160px\" class=\"wp-caption alignleft\"><a href=\"http:\/\/www.cem.info.pl\/wp-content\/uploads\/2015\/11\/zamenhof.jpg\" rel=\"lightbox[1340]\"><img loading=\"lazy\" decoding=\"async\" aria-describedby=\"caption-attachment-1339\" class=\"wp-image-1339 size-thumbnail\" title=\"Ludwik Zamenhof\" src=\"http:\/\/www.cem.info.pl\/wp-content\/uploads\/2015\/11\/zamenhof-150x150.jpg\" alt=\"zamenhof\" width=\"150\" height=\"150\" \/><\/a><p id=\"caption-attachment-1339\" class=\"wp-caption-text\">Ludwik Zamenhof<\/p><\/div>\n<p>Kochani &#8211; wielkie \u015bwi\u0119to dzisiaj, bo juz wiemy, \u017ce og\u0142oszono na \u015bwiecie \u00a0przez UNESCO &#8211; ROK \u00a0ZAMENHOFA 2017!<\/p>\n<p>Nasz ogromny wysi\u0142ek dla przygotowania tego wniosku w kosmicznym tempie, okaza\u0142 sie skuteczny!<\/p>\n<p>Decyzja zosta\u0142a podj\u0119ta. Wielkie podzi\u0119kowania dla tych, kt\u00f3rzy pomogli nam przygotowa\u0107, przet\u0142umaczy\u0107, dostarczy\u0107 dokumenty do MKiDN we w\u0142a\u015bciwym czasie. Jeszcze raz potwierdzi\u0142o si\u0119, ze wystarczy silna wola dobrego zespo\u0142u, aby wszystko sta\u0142o sie mo\u017cliwe!<\/p>\n<p>Niech \u017cyje nasza Gwiazda &#8211; Esperancja!<\/p>\n<p style=\"text-align: right;\"><em>Halina Komar<\/em><\/p>\n<p style=\"text-align: left;\"><a href=\"http:\/\/www.unesco.pl\/unesco\/38sesja-konferencji-generalnej\">http:\/\/www.unesco.pl\/unesco\/38sesja-konferencji-generalnej<\/a><\/p>\n<p><\/p>","protected":false},"excerpt":{"rendered":"<p>Rok Zamenhofa 2017 Kochani &#8211; wielkie \u015bwi\u0119to dzisiaj, bo juz wiemy, \u017ce og\u0142oszono na \u015bwiecie \u00a0przez UNESCO &#8211; ROK \u00a0ZAMENHOFA 2017! Nasz ogromny wysi\u0142ek dla przygotowania tego wniosku w kosmicznym tempie, okaza\u0142 sie skuteczny! Decyzja zosta\u0142a podj\u0119ta. Wielkie podzi\u0119kowania dla tych, kt\u00f3rzy pomogli nam przygotowa\u0107, przet\u0142umaczy\u0107, dostarczy\u0107 dokumenty do MKiDN we w\u0142a\u015bciwym czasie. Jeszcze raz [&hellip;]<\/p>\n","protected":false},"author":3,"featured_media":0,"comment_status":"open","ping_status":"open","sticky":false,"template":"","format":"standard","meta":{"ngg_post_thumbnail":0,"footnotes":""},"categories":[1],"tags":[],"class_list":["post-1340","post","type-post","status-publish","format-standard","hentry","category-bez-kategorii"],"_links":{"self":[{"href":"https:\/\/cem.info.pl\/index.php?rest_route=\/wp\/v2\/posts\/1340","targetHints":{"allow":["GET"]}}],"collection":[{"href":"https:\/\/cem.info.pl\/index.php?rest_route=\/wp\/v2\/posts"}],"about":[{"href":"https:\/\/cem.info.pl\/index.php?rest_route=\/wp\/v2\/types\/post"}],"author":[{"embeddable":true,"href":"https:\/\/cem.info.pl\/index.php?rest_route=\/wp\/v2\/users\/3"}],"replies":[{"embeddable":true,"href":"https:\/\/cem.info.pl\/index.php?rest_route=%2Fwp%2Fv2%2Fcomments&post=1340"}],"version-history":[{"count":14,"href":"https:\/\/cem.info.pl\/index.php?rest_route=\/wp\/v2\/posts\/1340\/revisions"}],"predecessor-version":[{"id":1472,"href":"https:\/\/cem.info.pl\/index.php?rest_route=\/wp\/v2\/posts\/1340\/revisions\/1472"}],"wp:attachment":[{"href":"https:\/\/cem.info.pl\/index.php?rest_route=%2Fwp%2Fv2%2Fmedia&parent=1340"}],"wp:term":[{"taxonomy":"category","embeddable":true,"href":"https:\/\/cem.info.pl\/index.php?rest_route=%2Fwp%2Fv2%2Fcategories&post=1340"},{"taxonomy":"post_tag","embeddable":true,"href":"https:\/\/cem.info.pl\/index.php?rest_route=%2Fwp%2Fv2%2Ftags&post=1340"}],"curies":[{"name":"wp","href":"https:\/\/api.w.org\/{rel}","templated":true}]}}